{"id":2225,"date":"2025-01-09T15:06:46","date_gmt":"2025-01-09T15:06:46","guid":{"rendered":"https:\/\/haberbesiktas.tr\/?p=2225"},"modified":"2025-01-09T15:06:46","modified_gmt":"2025-01-09T15:06:46","slug":"filipe-celikkaya-amerikaya-gidiyor","status":"publish","type":"post","link":"https:\/\/haberbesiktas.tr\/?p=2225","title":{"rendered":"Filipe \u00c7elikkaya, Amerika&#8217;ya gidiyor!"},"content":{"rendered":"<div>Sporting B grubunda d\u00f6rt d\u00f6nem \u00e7al\u0131\u015fan Filipe \u00c7elikkaya&#8217;n\u0131n yeni adresi netlik kazan\u0131yor.<\/p>\n<p> Portekiz bas\u0131n\u0131ndan O&#8217;Jogo&#8217;da yer alan habere nazaran, \u00c7elikkaya, MLS gruplar\u0131ndan Chicago Fire ile muahede sa\u011flad\u0131.<\/p>\n<p> Chicago Fire&#8217;\u0131n \u00c7elikkaya i\u00e7in resmi a\u00e7\u0131klamay\u0131 k\u0131sa m\u00fcddet i\u00e7erisinde yapaca\u011f\u0131 belirtildi.<\/p>\n<p> \u00c7elikkaya&#8217;n\u0131n kul\u00fcpte \u015fu anda genel menajer olarak vazife yapan Gregg Berhalter ile birlikte vazife yapaca\u011f\u0131 kaydedildi.<\/p>\n<p> <strong>BE\u015e\u0130KTA\u015e&#8217;A RET<\/strong><\/p>\n<p> \u00d6te yandan \u0130svi\u00e7re&#8217;de Lugano&#8217;nun da sahibi olan Chicago Fire&#8217;\u0131n yat\u0131r\u0131mc\u0131s\u0131 Joe Mansueto&#8217;nun \u00c7elikkaya ile g\u00f6r\u00fc\u015ft\u00fc\u011f\u00fc ve 39 ya\u015f\u0131ndaki teknik adam\u0131, Be\u015fikta\u015f da dahil olmak \u00fczere kimi teklifleri geri \u00e7evirmeye ikna etti\u011fi \u00f6ne s\u00fcr\u00fcld\u00fc.<\/p>\n<p> <strong>BE\u015e\u0130KTA\u015e G\u00d6R\u00dc\u015eM\u00dc\u015eT\u00dc<\/strong><\/p>\n<p> Portekiz bas\u0131n\u0131ndan Record, 16 Aral\u0131k&#8217;ta Be\u015fikta\u015f&#8217;\u0131n Filipe \u00c7elikkaya ile g\u00f6r\u00fc\u015ft\u00fc\u011f\u00fcn\u00fc duyurmu\u015ftu.<\/p>\n<p> O devir Serdar Topraktepe&#8217;nin grubunu g\u00fc\u00e7lendirmek emeliyle Pro Lisans\u0131 bulunan Filipe \u00c7elikkaya ile g\u00f6r\u00fc\u015fen Be\u015fikta\u015f, daha sonra ise g\u00f6r\u00fc\u015fmeler olumlu ge\u00e7mesine kar\u015f\u0131n kongre nedeniyle bekleme karar\u0131 alm\u0131\u015ft\u0131.<\/p>\n<p> <strong>\u00c7ALI\u015eTI\u011eI TAKIMLAR<\/strong><\/p>\n<p> Vitoria, Shakhtar, Chaves, Almada ve Al-Ahli&#8217;de yard\u0131mc\u0131 antren\u00f6r olarak \u00e7al\u0131\u015fan \u00c7elikkaya, son olarak Sporting B&#8217;de vazife yapt\u0131. 39 ya\u015f\u0131ndaki \u00e7al\u0131\u015ft\u0131r\u0131c\u0131, 30 Haziran 2023 y\u0131l\u0131nda misyonundan ayr\u0131ld\u0131.<\/p>\n<\/div>\n","protected":false},"excerpt":{"rendered":"<p>Teknik y\u00f6netici Filipe \u00c7elikkaya, MLS tak\u0131mlar\u0131ndan Chicago Fire ile mutabakat sa\u011flad\u0131.<\/p>\n","protected":false},"author":1,"featured_media":2226,"comment_status":"open","ping_status":"open","sticky":false,"template":"","format":"standard","meta":{"footnotes":""},"categories":[25],"tags":[71,261],"class_list":["post-2225","post","type-post","status-publish","format-standard","has-post-thumbnail","hentry","category-futbol","tag-besiktas","tag-celikkaya"],"_links":{"self":[{"href":"https:\/\/haberbesiktas.tr\/index.php?rest_route=\/wp\/v2\/posts\/2225","targetHints":{"allow":["GET"]}}],"collection":[{"href":"https:\/\/haberbesiktas.tr\/index.php?rest_route=\/wp\/v2\/posts"}],"about":[{"href":"https:\/\/haberbesiktas.tr\/index.php?rest_route=\/wp\/v2\/types\/post"}],"author":[{"embeddable":true,"href":"https:\/\/haberbesiktas.tr\/index.php?rest_route=\/wp\/v2\/users\/1"}],"replies":[{"embeddable":true,"href":"https:\/\/haberbesiktas.tr\/index.php?rest_route=%2Fwp%2Fv2%2Fcomments&post=2225"}],"version-history":[{"count":1,"href":"https:\/\/haberbesiktas.tr\/index.php?rest_route=\/wp\/v2\/posts\/2225\/revisions"}],"predecessor-version":[{"id":2227,"href":"https:\/\/haberbesiktas.tr\/index.php?rest_route=\/wp\/v2\/posts\/2225\/revisions\/2227"}],"wp:featuredmedia":[{"embeddable":true,"href":"https:\/\/haberbesiktas.tr\/index.php?rest_route=\/wp\/v2\/media\/2226"}],"wp:attachment":[{"href":"https:\/\/haberbesiktas.tr\/index.php?rest_route=%2Fwp%2Fv2%2Fmedia&parent=2225"}],"wp:term":[{"taxonomy":"category","embeddable":true,"href":"https:\/\/haberbesiktas.tr\/index.php?rest_route=%2Fwp%2Fv2%2Fcategories&post=2225"},{"taxonomy":"post_tag","embeddable":true,"href":"https:\/\/haberbesiktas.tr\/index.php?rest_route=%2Fwp%2Fv2%2Ftags&post=2225"}],"curies":[{"name":"wp","href":"https:\/\/api.w.org\/{rel}","templated":true}]}}