{"id":22257,"date":"2025-04-22T00:36:06","date_gmt":"2025-04-22T00:36:06","guid":{"rendered":"https:\/\/haberbesiktas.tr\/?p=22257"},"modified":"2025-04-22T00:36:06","modified_gmt":"2025-04-22T00:36:06","slug":"derbinin-kaderi-kalecilerin-ellerinde","status":"publish","type":"post","link":"https:\/\/haberbesiktas.tr\/?p=22257","title":{"rendered":"Derbinin kaderi kalecilerin ellerinde"},"content":{"rendered":"<div>\n<p>Trendyol Muhte\u015fem Lig&#8217;deki Galatasaray-Fenerbah\u00e7e derbisinde g\u00f6zler, iki grubun kalecilerinde olacak.<\/p>\n<p> Harika Lig&#8217;in 25. haftas\u0131nda 24 \u015eubat Pazartesi g\u00fcn\u00fc RAMS Park&#8217;ta oynanacak ma\u00e7ta Galatasaray rakibiyle ortas\u0131ndaki puan fark\u0131n\u0131 a\u00e7mak, Fenerbah\u00e7e ise sar\u0131-k\u0131rm\u0131z\u0131l\u0131lara ligdeki birinci yenilgisini ya\u015fatmak istiyor.<\/p>\n<p> Galatasaray&#8217;da 14. d\u00f6nemini oynayan Uruguayl\u0131 file bek\u00e7isi Fernando Muslera ve Fenerbah\u00e7e&#8217;de \u00fc\u00e7\u00fcnc\u00fc d\u00f6nemini ge\u00e7iren \u0130rfan Can E\u011fribayat&#8217;\u0131n performans\u0131 derbinin sonucu i\u00e7in k\u0131ymetli olacak.\u00a0<\/p>\n<p> <strong>&#8211; Muslera&#8217;n\u0131n derbilerde tecr\u00fcbesi y\u00fcksek<\/strong><\/p>\n<p> Gruptaki 14. d\u00f6nemini ge\u00e7iren Fernando Muslera, derbilerdeki tecr\u00fcbesiyle \u00f6ne \u00e7\u0131k\u0131yor.\u00a0<\/p>\n<p> 2011-2012 d\u00f6neminden beri sar\u0131-k\u0131rm\u0131z\u0131l\u0131 ekipte forma giyen Muslera, Fenerbah\u00e7e ve Be\u015fikta\u015f derbilerinde toplam 61 ma\u00e7ta 28 galibiyet, 15 beraberlik ve 18 yenilgi ya\u015fad\u0131. Kelam konusu derbilerde toplamda 60 gol yiyen Uruguayl\u0131 file bek\u00e7isi, 24 m\u00fcsabakada da kalesini gole kapad\u0131.<\/p>\n<p> Muslera, Fenerbah\u00e7e&#8217;ye kar\u015f\u0131 \u00e7\u0131kt\u0131\u011f\u0131 32 ma\u00e7ta ise 13 galibiyet, 10 beraberlik ve 9 yenilgi ya\u015fad\u0131. Deneyimli kaleci, kelam konusu ma\u00e7larda da 26 kere topu a\u011flar\u0131nda g\u00f6r\u00fcrken 14 kar\u015f\u0131la\u015fmada gole m\u00fcsaade vermedi.\u00a0<\/p>\n<p> <strong>&#8211; Muslera, ligde 22 ma\u00e7ta 6 defa kalesini gole kapad\u0131<\/strong><\/p>\n<p> Galatasaray&#8217;\u0131n Uruguayl\u0131 file bek\u00e7isi Fernando Muslera, bu sezon ligde 22 ma\u00e7ta 6 sefer kalesinde gole m\u00fcsaade vermedi.<\/p>\n<p> Bu d\u00f6nem \u00e7\u0131kt\u0131\u011f\u0131 b\u00fct\u00fcn Avrupa ma\u00e7lar\u0131nda gol yiyen Fernano Muslera, Be\u015fikta\u015f&#8217;la oynanan TFF \u00dcst\u00fcn Kupa kar\u015f\u0131la\u015fmas\u0131nda da kalesinde 5 gol g\u00f6rm\u00fc\u015ft\u00fc. Muslera, ligde \u00e7\u0131kt\u0131\u011f\u0131 22 ma\u00e7ta Gaziantep FK, \u00c7aykur Rizespor, T\u00dcMOSAN Konyaspor, Sipay Bodrum FK, Onvo Antalyaspor ve Corendon Alanyaspor&#8217;a kar\u015f\u0131 kalesinde gol g\u00f6rmedi.\u00a0<\/p>\n<p> <strong>&#8211; G\u00fcnay G\u00fcven\u00e7, bu d\u00f6nem 9 ma\u00e7a \u00e7\u0131kt\u0131<\/strong><\/p>\n<p> Galatasaray&#8217;da kaleci G\u00fcnay G\u00fcven\u00e7, bu d\u00f6nem 9 ma\u00e7ta Galatasaray&#8217;\u0131n kalesini korudu.<\/p>\n<p> Muslera&#8217;n\u0131n cezal\u0131 oldu\u011fu birinci 3 UEFA Avrupa Ligi ma\u00e7\u0131nda ve AZ Alkmaar ile oynanan son 16 play-off tipi r\u00f6van\u015f m\u00fcsabakas\u0131nda vazife alan deneyimli kaleci, kelam konusu m\u00fcsabakalarda toplam 8 gol yedi. \u015eampiyonlar Ligi elemelerinde 2 sefer sonradan oyuna giren deneyimli kaleci, bu m\u00fcsabakalarda 1 sefer kalesinde gol\u00fc g\u00f6rd\u00fc. Vazife ald\u0131\u011f\u0131 2 T\u00fcrkiye Kupas\u0131 ma\u00e7\u0131nda 3 gol yiyen G\u00fcnay, bu sezon S\u00fcper Lig&#8217;de oynad\u0131\u011f\u0131 tek ma\u00e7 olan Adana Demirspor kar\u015f\u0131la\u015fmas\u0131nda da kalesini gole kapad\u0131.<\/p>\n<p> <strong>&#8211; Livakovic, Galatasaray&#8217;a kar\u015f\u0131 \u00e7\u0131kt\u0131\u011f\u0131 3 ma\u00e7\u0131n 2&#8217;sinde gole m\u00fcsaade vermedi\u00a0<\/strong><\/p>\n<p> Galatasaray kar\u015f\u0131s\u0131nda toplamda 3 derbide oynayan H\u0131rvat file bek\u00e7isi Dominik Livakovic, kelam konusu m\u00fcsabakalar\u0131n 2&#8217;sinde gol yemedi.<\/p>\n<p> Livakovic, ge\u00e7en sezon ligde \u00dclker Stad\u0131&#8217;nda 0-0 beraberlikle sonu\u00e7lanan ma\u00e7ta birinci kere Galatasaray kar\u015f\u0131s\u0131nda vazife ald\u0131. H\u0131rvat kaleci, sar\u0131-k\u0131rm\u0131z\u0131l\u0131lar kar\u015f\u0131s\u0131nda ikinci ma\u00e7\u0131na ise ge\u00e7en d\u00f6nem RAMS Park&#8217;ta 1-0 kazand\u0131klar\u0131 m\u00fcsabakada \u00e7\u0131kt\u0131.<\/p>\n<p> Galatasaray&#8217;a kar\u015f\u0131 birinci iki derbide gol yemeyen Livakovic, bu d\u00f6nemin birinci yar\u0131s\u0131nda ma\u011flup olduklar\u0131 m\u00fcsabakada ise 3 gol\u00fc kalesinde g\u00f6rd\u00fc.<\/p>\n<p> <strong>&#8211; Livakovic, bu d\u00f6nem 8 m\u00fcsabakada gol yemedi<\/strong>\u00a0<\/p>\n<p> Dominik Livakovic, bu d\u00f6nem t\u00fcm kulvarlarda Fenerbah\u00e7e formas\u0131yla 26 m\u00fcsabakaya \u00e7\u0131kt\u0131.<\/p>\n<p> H\u0131rvat kaleci, bu sezon S\u00fcper Lig&#8217;de 16, UEFA Avrupa Ligi&#8217;nde 6 ve UEFA \u015eampiyonlar Ligi elemelerinde 4 m\u00fcsabakaya \u00e7\u0131kt\u0131. Avrupa&#8217;daki t\u00fcm ma\u00e7larda gol yiyen 30 ya\u015f\u0131ndaki file bek\u00e7isi, ligde ise 8 kar\u015f\u0131la\u015fmada rakiplerine gol m\u00fcsaadesi vermedi.<\/p>\n<p> Livakovic, bu d\u00f6nem alana \u00e7\u0131kt\u0131\u011f\u0131 26 ma\u00e7ta toplam 31 gol yedi.\u00a0<\/p>\n<p> <strong>&#8211; \u0130rfan Can, Galatasaray&#8217;a kar\u015f\u0131 1 derbide oynad\u0131<\/strong><\/p>\n<p> \u0130rfan Can E\u011fribayat, sar\u0131-lacivertli formayla Galatasaray&#8217;a kar\u015f\u0131 1 derbide forma giydi.<\/p>\n<p> Fenerbah\u00e7e&#8217;de 3. d\u00f6nemini ge\u00e7iren 26 ya\u015f\u0131ndaki file bek\u00e7isi, sar\u0131-lacivertli formayla yaln\u0131zca 1 kere Galatasaray&#8217;a kar\u015f\u0131 alana \u00e7\u0131kt\u0131. 2022-2023 d\u00f6neminin ikinci yar\u0131s\u0131ndaki derbide Galatasaray&#8217;a kar\u015f\u0131 forma giyen \u0130rfan Can E\u011fribayat, kelam konusu kar\u015f\u0131la\u015fmada 3 gol yedi.\u00a0<\/p>\n<p> <strong>&#8211; \u0130rfan Can, bu d\u00f6nem 2 UEFA Avrupa Ligi ma\u00e7\u0131nda gol yemedi<\/strong><\/p>\n<p> Kaleci \u0130rfan Can E\u011fribayat, bu d\u00f6nem t\u00fcm kulvarlarda toplam 11 m\u00fcsabakaya \u00e7\u0131kt\u0131.\u00a0<\/p>\n<p> Bu d\u00f6nem 7 kez S\u00fcper Lig ve 4 UEFA Avrupa Ligi kar\u015f\u0131la\u015fmas\u0131na \u00e7\u0131kan \u0130rfan Can E\u011fribayat, kelam konusu kar\u015f\u0131la\u015fmalarda toplam 11 gol\u00fc kalesinde g\u00f6rd\u00fc. UEFA Avrupa Ligi&#8217;nde Anderlecht ve Olimpik Lyon&#8217;a kar\u015f\u0131 gol yemeyen \u0130rfan Can, S\u00fcper Lig&#8217;de de Adana Demirspor ve Corendon Alanyaspor&#8217;a kar\u015f\u0131 kalesini gole kapatt\u0131.<\/p>\n<\/div>\n<p><\/p>\n","protected":false},"excerpt":{"rendered":"<p>Galatasaray &#8211; Fenerbah\u00e7e derbisinde Fernando Muslera ve  Dominik Livakovic&#8217;in performans\u0131 belirleyici olacak.<\/p>\n","protected":false},"author":1,"featured_media":22258,"comment_status":"open","ping_status":"open","sticky":false,"template":"","format":"standard","meta":{"footnotes":""},"categories":[25],"tags":[129,77,2143,50,1049],"class_list":["post-22257","post","type-post","status-publish","format-standard","has-post-thumbnail","hentry","category-futbol","tag-galatasaray","tag-gol","tag-irfan-can","tag-mac","tag-muslera"],"_links":{"self":[{"href":"https:\/\/haberbesiktas.tr\/index.php?rest_route=\/wp\/v2\/posts\/22257","targetHints":{"allow":["GET"]}}],"collection":[{"href":"https:\/\/haberbesiktas.tr\/index.php?rest_route=\/wp\/v2\/posts"}],"about":[{"href":"https:\/\/haberbesiktas.tr\/index.php?rest_route=\/wp\/v2\/types\/post"}],"author":[{"embeddable":true,"href":"https:\/\/haberbesiktas.tr\/index.php?rest_route=\/wp\/v2\/users\/1"}],"replies":[{"embeddable":true,"href":"https:\/\/haberbesiktas.tr\/index.php?rest_route=%2Fwp%2Fv2%2Fcomments&post=22257"}],"version-history":[{"count":1,"href":"https:\/\/haberbesiktas.tr\/index.php?rest_route=\/wp\/v2\/posts\/22257\/revisions"}],"predecessor-version":[{"id":22259,"href":"https:\/\/haberbesiktas.tr\/index.php?rest_route=\/wp\/v2\/posts\/22257\/revisions\/22259"}],"wp:featuredmedia":[{"embeddable":true,"href":"https:\/\/haberbesiktas.tr\/index.php?rest_route=\/wp\/v2\/media\/22258"}],"wp:attachment":[{"href":"https:\/\/haberbesiktas.tr\/index.php?rest_route=%2Fwp%2Fv2%2Fmedia&parent=22257"}],"wp:term":[{"taxonomy":"category","embeddable":true,"href":"https:\/\/haberbesiktas.tr\/index.php?rest_route=%2Fwp%2Fv2%2Fcategories&post=22257"},{"taxonomy":"post_tag","embeddable":true,"href":"https:\/\/haberbesiktas.tr\/index.php?rest_route=%2Fwp%2Fv2%2Ftags&post=22257"}],"curies":[{"name":"wp","href":"https:\/\/api.w.org\/{rel}","templated":true}]}}