{"id":22278,"date":"2025-04-22T02:00:08","date_gmt":"2025-04-22T02:00:08","guid":{"rendered":"https:\/\/haberbesiktas.tr\/?p=22278"},"modified":"2025-04-22T02:00:08","modified_gmt":"2025-04-22T02:00:08","slug":"mauro-icardi-floryada","status":"publish","type":"post","link":"https:\/\/haberbesiktas.tr\/?p=22278","title":{"rendered":"Mauro Icardi, Florya&#8217;da!"},"content":{"rendered":"<div>Galatasaray, S\u00fcper Lig&#8217;de alan\u0131nda Fenerbah\u00e7e ile oynayaca\u011f\u0131 derbi ma\u00e7\u0131n haz\u0131rl\u0131klar\u0131n\u0131 tamamlad\u0131.<\/p>\n<p> Sar\u0131-k\u0131rm\u0131z\u0131l\u0131larda, Fenerbah\u00e7e derbisi \u00f6ncesi son idmanda Mauro Icardi de yer ald\u0131.<\/p>\n<p> Sakatl\u0131\u011f\u0131 nedeniyle d\u00f6nemi kapatan ve tedavisine \u00fclkesi Arjantin&#8217;de devam eden Icardi, Fenerbah\u00e7e derbisi i\u00e7in cumartesi gecesi \u0130stanbul&#8217;a geldi. Icardi, pazar g\u00fcn\u00fc Florya&#8217;ya gitti ve Fenerbah\u00e7e derbisi \u00f6ncesi yap\u0131lan son idman\u0131 takip ederek kadro arkada\u015flar\u0131n\u0131n yan\u0131nda oldu.<\/p>\n<p><strong>Mauro Icardi, Florya<\/p>\n<p><img decoding=\"async\" src=\"https:\/\/haberbesiktas.tr\/wp-content\/uploads\/2025\/04\/mauro-icardi-floryada-0-VXE6CgcH.jpg\"\/><br \/><\/strong><\/p>\n<\/div>\n<p><\/p>\n","protected":false},"excerpt":{"rendered":"<p>Galatasaray&#8217;da sakatl\u0131\u011f\u0131 nedeniyle d\u00f6nemi kapatan Mauro Icardi, cumartesi gecesi \u0130stanbul&#8217;a geldi. Icardi, pazar g\u00fcn\u00fc Florya&#8217;ya gitti ve Fenerbah\u00e7e derbisi \u00f6ncesi son antrenmanda ekip arkada\u015flar\u0131n\u0131n yan\u0131nda oldu.<\/p>\n","protected":false},"author":1,"featured_media":22279,"comment_status":"open","ping_status":"open","sticky":false,"template":"","format":"standard","meta":{"footnotes":""},"categories":[25],"tags":[],"class_list":["post-22278","post","type-post","status-publish","format-standard","has-post-thumbnail","hentry","category-futbol"],"_links":{"self":[{"href":"https:\/\/haberbesiktas.tr\/index.php?rest_route=\/wp\/v2\/posts\/22278","targetHints":{"allow":["GET"]}}],"collection":[{"href":"https:\/\/haberbesiktas.tr\/index.php?rest_route=\/wp\/v2\/posts"}],"about":[{"href":"https:\/\/haberbesiktas.tr\/index.php?rest_route=\/wp\/v2\/types\/post"}],"author":[{"embeddable":true,"href":"https:\/\/haberbesiktas.tr\/index.php?rest_route=\/wp\/v2\/users\/1"}],"replies":[{"embeddable":true,"href":"https:\/\/haberbesiktas.tr\/index.php?rest_route=%2Fwp%2Fv2%2Fcomments&post=22278"}],"version-history":[{"count":1,"href":"https:\/\/haberbesiktas.tr\/index.php?rest_route=\/wp\/v2\/posts\/22278\/revisions"}],"predecessor-version":[{"id":22281,"href":"https:\/\/haberbesiktas.tr\/index.php?rest_route=\/wp\/v2\/posts\/22278\/revisions\/22281"}],"wp:featuredmedia":[{"embeddable":true,"href":"https:\/\/haberbesiktas.tr\/index.php?rest_route=\/wp\/v2\/media\/22279"}],"wp:attachment":[{"href":"https:\/\/haberbesiktas.tr\/index.php?rest_route=%2Fwp%2Fv2%2Fmedia&parent=22278"}],"wp:term":[{"taxonomy":"category","embeddable":true,"href":"https:\/\/haberbesiktas.tr\/index.php?rest_route=%2Fwp%2Fv2%2Fcategories&post=22278"},{"taxonomy":"post_tag","embeddable":true,"href":"https:\/\/haberbesiktas.tr\/index.php?rest_route=%2Fwp%2Fv2%2Ftags&post=22278"}],"curies":[{"name":"wp","href":"https:\/\/api.w.org\/{rel}","templated":true}]}}