{"id":2228,"date":"2025-01-09T15:18:40","date_gmt":"2025-01-09T15:18:40","guid":{"rendered":"https:\/\/haberbesiktas.tr\/?p=2228"},"modified":"2025-01-09T15:18:40","modified_gmt":"2025-01-09T15:18:40","slug":"deschampsdan-ayrilik-karari","status":"publish","type":"post","link":"https:\/\/haberbesiktas.tr\/?p=2228","title":{"rendered":"Deschamps&#8217;dan ayr\u0131l\u0131k karar\u0131"},"content":{"rendered":"<div>Fransa Ulusal Ekibi Teknik Y\u00f6neticisi Didier Deschamps&#8217;tan \u015fa\u015f\u0131rtan bir haber geldi.<\/p>\n<p>L&#8217;Equipe&#8217;in haberine g\u00f6re\u00a0Didier Deschamps, 2026 D\u00fcnya Kupas\u0131&#8217;ndan sonra misyonunu b\u0131rakma karar\u0131 ald\u0131.\u00a0<\/p>\n<p>56 ya\u015f\u0131ndaki teknik y\u00f6netici, \u00e7ar\u015famba g\u00fcn\u00fc resmi olarak ayr\u0131l\u0131\u011f\u0131 duyuracak.<\/p>\n<p><strong>2012&#8217;DEN BER\u0130 G\u00d6REVDE\u00a0<\/strong><\/p>\n<p>Frans\u0131z teknik adam; s\u0131ras\u0131yla Monaco, Juventus ve Marsilya&#8217;y\u0131 \u00e7al\u0131\u015ft\u0131rd\u0131ktan sonra Laurent Blanc&#8217;dan devrald\u0131\u011f\u0131 Fransa Ulusal Ekip Teknik Y\u00f6neticili\u011fini 2012&#8217;den beri s\u00fcrd\u00fcr\u00fcyordu.\u00a0<\/p>\n<p><strong>2016&#8217;DA KONUTUNDA KAYBETT\u0130<\/strong><\/p>\n<p>Evinde EURO 2016&#8217;da finale \u00e7\u0131kan Fransa, Didier Deschamps ile finale kadar y\u00fckselmi\u015f, uzatmalarda Eder&#8217;in gol\u00fc ise kupay\u0131 Portekiz&#8217;e kapt\u0131rm\u0131\u015ft\u0131.<\/p>\n<p><strong>3. KUPA \u0130\u00c7\u0130N ORADA OLACAK<\/strong><\/p>\n<p>Didier Deschamps, Fransa Ulusal Grubu ile 2018 D\u00fcnya Kupas\u0131 ve 2021 UEFA Uluslar Ligi zaferinin akabinde 2026 D\u00fcnya Kupas\u0131&#8217;nda son bir kupa i\u00e7in daha gayret edecek.<\/p>\n<\/div>\n","protected":false},"excerpt":{"rendered":"<p>Fransa Ulusal Ekibi Teknik Y\u00f6neticisi Didier Deschamps, 2026 D\u00fcnya Kupas\u0131&#8217;ndan sonra vazifesini b\u0131rakacak.<\/p>\n","protected":false},"author":1,"featured_media":2229,"comment_status":"open","ping_status":"open","sticky":false,"template":"","format":"standard","meta":{"footnotes":""},"categories":[25],"tags":[120],"class_list":["post-2228","post","type-post","status-publish","format-standard","has-post-thumbnail","hentry","category-futbol","tag-kupa"],"_links":{"self":[{"href":"https:\/\/haberbesiktas.tr\/index.php?rest_route=\/wp\/v2\/posts\/2228","targetHints":{"allow":["GET"]}}],"collection":[{"href":"https:\/\/haberbesiktas.tr\/index.php?rest_route=\/wp\/v2\/posts"}],"about":[{"href":"https:\/\/haberbesiktas.tr\/index.php?rest_route=\/wp\/v2\/types\/post"}],"author":[{"embeddable":true,"href":"https:\/\/haberbesiktas.tr\/index.php?rest_route=\/wp\/v2\/users\/1"}],"replies":[{"embeddable":true,"href":"https:\/\/haberbesiktas.tr\/index.php?rest_route=%2Fwp%2Fv2%2Fcomments&post=2228"}],"version-history":[{"count":1,"href":"https:\/\/haberbesiktas.tr\/index.php?rest_route=\/wp\/v2\/posts\/2228\/revisions"}],"predecessor-version":[{"id":2230,"href":"https:\/\/haberbesiktas.tr\/index.php?rest_route=\/wp\/v2\/posts\/2228\/revisions\/2230"}],"wp:featuredmedia":[{"embeddable":true,"href":"https:\/\/haberbesiktas.tr\/index.php?rest_route=\/wp\/v2\/media\/2229"}],"wp:attachment":[{"href":"https:\/\/haberbesiktas.tr\/index.php?rest_route=%2Fwp%2Fv2%2Fmedia&parent=2228"}],"wp:term":[{"taxonomy":"category","embeddable":true,"href":"https:\/\/haberbesiktas.tr\/index.php?rest_route=%2Fwp%2Fv2%2Fcategories&post=2228"},{"taxonomy":"post_tag","embeddable":true,"href":"https:\/\/haberbesiktas.tr\/index.php?rest_route=%2Fwp%2Fv2%2Ftags&post=2228"}],"curies":[{"name":"wp","href":"https:\/\/api.w.org\/{rel}","templated":true}]}}