{"id":22291,"date":"2025-04-22T02:48:06","date_gmt":"2025-04-22T02:48:06","guid":{"rendered":"https:\/\/haberbesiktas.tr\/?p=22291"},"modified":"2025-04-22T02:48:06","modified_gmt":"2025-04-22T02:48:06","slug":"erzurumspor-ve-igdir-fk-sessiz-sedasiz","status":"publish","type":"post","link":"https:\/\/haberbesiktas.tr\/?p=22291","title":{"rendered":"Erzurumspor ve I\u011fd\u0131r FK; sessiz sedas\u0131z"},"content":{"rendered":"<div>Trendyol 1. Lig&#8217;in 26. haftas\u0131nda Erzurumspor ile Alag\u00f6z Holding I\u011fd\u0131r FK kar\u015f\u0131 kar\u015f\u0131ya geldi. Erzurum Kaz\u0131m Karabekir Stadyumu&#8217;nda oynanan u\u011fra\u015f gols\u00fcz sona erdi.<\/p>\n<p> Durumsuz ge\u00e7en gayrette de iki grup da gol atma h\u00fcneri g\u00f6steremedi.<\/p>\n<p> S\u00fcper Lig amac\u0131nda olan \u00fc\u00e7\u00fcnc\u00fc Erzurumspor, ikinci Karag\u00fcmr\u00fck&#8217;\u00fcn yenildi\u011fi haftada 44 puanda kald\u0131 ve 2 puan geriden takibini s\u00fcrd\u00fcrd\u00fc.<\/p>\n<p> I\u011fd\u0131r FK ise 33 puana y\u00fckseldi ve k\u00fcme d\u00fc\u015fme \u00e7izgisinden kurtulamad\u0131.<\/p>\n<p> Erzurumspor, gelecek hafta Boluspor&#8217;a konuk olacak. I\u011fd\u0131r FK ise alan\u0131nda \u00c7orum&#8217;u a\u011f\u0131rlayacak.<\/p>\n<p> <strong>DETAYLAR B\u0130RAZDAN&#8230;<\/strong><\/p>\n<\/div>\n<p><\/p>\n","protected":false},"excerpt":{"rendered":"<p>Erzurumspor ve I\u011fd\u0131r FK&#8217;n\u0131n kuvvetli u\u011fra\u015f\u0131 ba\u015flad\u0131\u011f\u0131 \u00fczere sona erdi.<\/p>\n","protected":false},"author":1,"featured_media":22292,"comment_status":"open","ping_status":"open","sticky":false,"template":"","format":"standard","meta":{"footnotes":""},"categories":[25],"tags":[],"class_list":["post-22291","post","type-post","status-publish","format-standard","has-post-thumbnail","hentry","category-futbol"],"_links":{"self":[{"href":"https:\/\/haberbesiktas.tr\/index.php?rest_route=\/wp\/v2\/posts\/22291","targetHints":{"allow":["GET"]}}],"collection":[{"href":"https:\/\/haberbesiktas.tr\/index.php?rest_route=\/wp\/v2\/posts"}],"about":[{"href":"https:\/\/haberbesiktas.tr\/index.php?rest_route=\/wp\/v2\/types\/post"}],"author":[{"embeddable":true,"href":"https:\/\/haberbesiktas.tr\/index.php?rest_route=\/wp\/v2\/users\/1"}],"replies":[{"embeddable":true,"href":"https:\/\/haberbesiktas.tr\/index.php?rest_route=%2Fwp%2Fv2%2Fcomments&post=22291"}],"version-history":[{"count":1,"href":"https:\/\/haberbesiktas.tr\/index.php?rest_route=\/wp\/v2\/posts\/22291\/revisions"}],"predecessor-version":[{"id":22293,"href":"https:\/\/haberbesiktas.tr\/index.php?rest_route=\/wp\/v2\/posts\/22291\/revisions\/22293"}],"wp:featuredmedia":[{"embeddable":true,"href":"https:\/\/haberbesiktas.tr\/index.php?rest_route=\/wp\/v2\/media\/22292"}],"wp:attachment":[{"href":"https:\/\/haberbesiktas.tr\/index.php?rest_route=%2Fwp%2Fv2%2Fmedia&parent=22291"}],"wp:term":[{"taxonomy":"category","embeddable":true,"href":"https:\/\/haberbesiktas.tr\/index.php?rest_route=%2Fwp%2Fv2%2Fcategories&post=22291"},{"taxonomy":"post_tag","embeddable":true,"href":"https:\/\/haberbesiktas.tr\/index.php?rest_route=%2Fwp%2Fv2%2Ftags&post=22291"}],"curies":[{"name":"wp","href":"https:\/\/api.w.org\/{rel}","templated":true}]}}