{"id":22294,"date":"2025-04-22T03:00:06","date_gmt":"2025-04-22T03:00:06","guid":{"rendered":"https:\/\/haberbesiktas.tr\/?p=22294"},"modified":"2025-04-22T03:00:06","modified_gmt":"2025-04-22T03:00:06","slug":"avrupa-salon-okculuk-sampiyonasinda-turk-milli-takimindan-3-madalya","status":"publish","type":"post","link":"https:\/\/haberbesiktas.tr\/?p=22294","title":{"rendered":"Avrupa Salon Ok\u00e7uluk \u015eampiyonas\u0131&#8217;nda T\u00fcrk Milli Tak\u0131m\u0131&#8217;ndan 3 madalya!"},"content":{"rendered":"<p>Samsun&#8217;da d\u00fczenlenen Avrupa Salon Ok\u00e7uluk \u015eampiyonas\u0131&#8217;nda T\u00fcrkiye, ekip yar\u0131\u015flar\u0131nda 2 g\u00fcm\u00fc\u015f, 1 bronz madalya kazand\u0131.<\/p>\n<p> \u0130lkad\u0131m Ok\u00e7uluk Tesisleri&#8217;nde ger\u00e7ekle\u015ftirilen \u015fampiyonan\u0131n son g\u00fcn\u00fcnde 25 \u00fclkeden atletler, b\u00fcy\u00fckler ekip kategorisinde klasik ve makaral\u0131 yay final at\u0131\u015flar\u0131n\u0131 yapt\u0131.<\/p>\n<p> Klasik yay bayanlarda \u0130talya (Lucilla Boari, Roberta Di Francesco ve Chiara Rebagliati) alt\u0131n, Slovakya (Denisa Barankova, Elena Bendikova ve Kristina Druskova) g\u00fcm\u00fc\u015f, Zeynep K\u00f6se, Fatma Mara\u015fl\u0131 ve Gizem \u00d6zkan&#8217;dan olu\u015fan T\u00fcrk Ulusal Kadrosu ise bronz madalya elde etti.\u00a0<\/p>\n<p> Erkeklerde de \u0130talya (Matteo Borsani, Massimilano Mandia ve Alessandro Paoli) alt\u0131n madalyan\u0131n sahibi olurken Mete Gazoz, Berkin T\u00fcmer ve Abdullah Y\u0131ld\u0131rm\u0131\u015f&#8217;tan olu\u015fan T\u00fcrk Ulusal Kadrosu g\u00fcm\u00fc\u015f, Moldova (Andrei Belici, Dan Olaru ve Sergiu Sorici) ise bronz madalya ald\u0131.\u00a0<\/p>\n<p> Makaral\u0131 yay bayanlarda yeniden \u0130talya (Giulia Di Nardo, Elisa Roner ve Marcalla Tonioli) dorukta yer ald\u0131. Hazal Burun, O\u011fuz Emine Rabia ve Ay\u015fe Bera S\u00fczer&#8217;den olu\u015fan T\u00fcrk Ulusal Ekibi g\u00fcm\u00fc\u015f, \u0130zlanda (Anna Maria Alfredsdottir, Freyle Dis Benediktsdottir ve Eowyn Mamalias) ise bronz madalya kazand\u0131.\u00a0<\/p>\n<p> Ulusal sportmenler Zeynep K\u00f6se, Fatma Mara\u015fl\u0131 ve Gizem \u00d6zkan, bas\u0131n mensuplar\u0131na, Avrupa \u015eampiyonas\u0131&#8217;nda derece yapt\u0131klar\u0131 i\u00e7in memnun olduklar\u0131n\u0131 lisana getirdi.<\/p>\n<p> Tertip, ferd\u00ee final at\u0131\u015flar\u0131yla s\u00fcr\u00fcyor.<\/p>\n","protected":false},"excerpt":{"rendered":"<p>Avrupa Salon Ok\u00e7uluk \u015eampiyonas\u0131&#8217;nda T\u00fcrk Ulusal Ekibi, 2 g\u00fcm\u00fc\u015f, 1 bronz madalya kazand\u0131.<\/p>\n","protected":false},"author":1,"featured_media":22295,"comment_status":"open","ping_status":"open","sticky":false,"template":"","format":"standard","meta":{"footnotes":""},"categories":[27],"tags":[339,52],"class_list":["post-22294","post","type-post","status-publish","format-standard","has-post-thumbnail","hentry","category-guncel-haberler","tag-madalya","tag-takim"],"_links":{"self":[{"href":"https:\/\/haberbesiktas.tr\/index.php?rest_route=\/wp\/v2\/posts\/22294","targetHints":{"allow":["GET"]}}],"collection":[{"href":"https:\/\/haberbesiktas.tr\/index.php?rest_route=\/wp\/v2\/posts"}],"about":[{"href":"https:\/\/haberbesiktas.tr\/index.php?rest_route=\/wp\/v2\/types\/post"}],"author":[{"embeddable":true,"href":"https:\/\/haberbesiktas.tr\/index.php?rest_route=\/wp\/v2\/users\/1"}],"replies":[{"embeddable":true,"href":"https:\/\/haberbesiktas.tr\/index.php?rest_route=%2Fwp%2Fv2%2Fcomments&post=22294"}],"version-history":[{"count":1,"href":"https:\/\/haberbesiktas.tr\/index.php?rest_route=\/wp\/v2\/posts\/22294\/revisions"}],"predecessor-version":[{"id":22296,"href":"https:\/\/haberbesiktas.tr\/index.php?rest_route=\/wp\/v2\/posts\/22294\/revisions\/22296"}],"wp:featuredmedia":[{"embeddable":true,"href":"https:\/\/haberbesiktas.tr\/index.php?rest_route=\/wp\/v2\/media\/22295"}],"wp:attachment":[{"href":"https:\/\/haberbesiktas.tr\/index.php?rest_route=%2Fwp%2Fv2%2Fmedia&parent=22294"}],"wp:term":[{"taxonomy":"category","embeddable":true,"href":"https:\/\/haberbesiktas.tr\/index.php?rest_route=%2Fwp%2Fv2%2Fcategories&post=22294"},{"taxonomy":"post_tag","embeddable":true,"href":"https:\/\/haberbesiktas.tr\/index.php?rest_route=%2Fwp%2Fv2%2Ftags&post=22294"}],"curies":[{"name":"wp","href":"https:\/\/api.w.org\/{rel}","templated":true}]}}