{"id":22300,"date":"2025-04-22T03:24:06","date_gmt":"2025-04-22T03:24:06","guid":{"rendered":"https:\/\/haberbesiktas.tr\/?p=22300"},"modified":"2025-04-22T03:24:06","modified_gmt":"2025-04-22T03:24:06","slug":"bolunun-en-kucuk-ilcesinde-yasayanlar-fitness-salonuyla-sosyallesiyor","status":"publish","type":"post","link":"https:\/\/haberbesiktas.tr\/?p=22300","title":{"rendered":"Bolu&#8217;nun en k\u00fc\u00e7\u00fck il\u00e7esinde ya\u015fayanlar fitness salonuyla sosyalle\u015fiyor"},"content":{"rendered":"<p>Bolu&#8217;nun en k\u00fc\u00e7\u00fck il\u00e7esi olan K\u0131br\u0131sc\u0131k&#8217;ta tekrar hizmete al\u0131nan fitness salonu, il\u00e7e sakinlerinin spor yaparak toplumsalla\u015fmas\u0131na katk\u0131 sa\u011fl\u0131yor.\u00a0<\/p>\n<p> \u0130l\u00e7ede 2016&#8217;da K\u00f6ylere Hizmet G\u00f6t\u00fcrme Birli\u011fince yap\u0131l\u0131p hizmete a\u00e7\u0131ld\u0131ktan sonra antren\u00f6r ve gere\u00e7 eksikli\u011fi nedeniyle kapat\u0131lan salon, 2023&#8217;te Gen\u00e7lik ve Spor \u0130l\u00e7e M\u00fcd\u00fcrl\u00fc\u011f\u00fc taraf\u0131ndan yine kullan\u0131ma al\u0131nd\u0131. \u0130\u00e7inde spor aletleri, masa tenisi ve d\u00f6v\u00fc\u015f ringi kurulan salonda fitness, beden geli\u015ftirme ve karate antren\u00f6rleri e\u015fli\u011finde \u00e7al\u0131\u015fma imkan\u0131 bulan il\u00e7e sakinleri, hem vakitlerini pahaland\u0131r\u0131yor hem de sa\u011fl\u0131kl\u0131 \u00f6m\u00fcr i\u00e7in spor yap\u0131yor.<\/p>\n<p> Salon, 2 bin 810 n\u00fcfusun ya\u015fad\u0131\u011f\u0131 K\u0131br\u0131sc\u0131k&#8217;ta vatanda\u015flara ve il\u00e7ede vazifeli kamu i\u015f\u00e7isine toplumsalla\u015fmak imkan\u0131 sa\u011fl\u0131yor. Ayr\u0131yeten ulusal m\u00fcsabakalarda gen\u00e7lerin muvaffakiyet kazanmas\u0131na hizmet eden salon, karatede vilayet \u015fampiyonu ve T\u00fcrkiye 5&#8217;incisi olan 13 ya\u015f\u0131ndaki Hakime I\u015f\u0131k Kaya ile Bolu 2&#8217;incili\u011fi elde eden 12 ya\u015f\u0131ndaki karde\u015fi Berra Kaya \u00fczere sportmenlerin yeti\u015fmesinde rol oynuyor.<\/p>\n<p> <strong>&#8211; &#8220;Salonumuz hem yaz hem k\u0131\u015f bo\u015f kalm\u0131yor&#8221;<\/strong><\/p>\n<p> Gen\u00e7lik ve Spor \u0130l\u00e7e M\u00fcd\u00fcr\u00fc \u0130brahim Damar, AA muhabirine, il\u00e7enin spor alan\u0131nda geli\u015fimini sa\u011flamak i\u00e7in salonu tekrar faaliyete ba\u015flatt\u0131klar\u0131n\u0131, birinci g\u00fcnden beri de spor manas\u0131nda K\u0131br\u0131sc\u0131k&#8217;\u0131n en hareketli yeri oldu\u011funu anlatt\u0131.<\/p>\n<p> &#8220;Salonumuz hem yaz hem k\u0131\u015f salon bo\u015f kalm\u0131yor.&#8221; diyen Damar, bilhassa ak\u015fam saatlerinde a\u011f\u0131r kullan\u0131lan salonda, il\u00e7e sakinlerinin yan\u0131 s\u0131ra K\u0131br\u0131sc\u0131k&#8217;ta vazife yapan kamu kurumlar\u0131n\u0131n \u00e7al\u0131\u015fanlar\u0131n\u0131n spor yapt\u0131\u011f\u0131n\u0131 aktard\u0131.<\/p>\n<p> Damar, K\u0131br\u0131sc\u0131k \u00f6l\u00e7e\u011findeki k\u00fc\u00e7\u00fck il\u00e7elerde bu cins imkanlar\u0131n bulunmad\u0131\u011f\u0131n\u0131, bunun fark\u0131nda olan il\u00e7e sakinlerinin de salonu en yeterli formda de\u011ferlendirdi\u011fini belirtti.<\/p>\n<p> Salonda fitness ve beden geli\u015ftirme aletlerinin yan\u0131 s\u0131ra masa tenisi, d\u00f6v\u00fc\u015f ringi, dart ve bilek g\u00fcre\u015fi bulundu\u011funu bildiren Damar, <strong>&#8220;Buray\u0131 daima ve i\u015flevsel manada kullan\u0131lan yer haline getirdik. Kaymakam\u0131m\u0131z Metehan G\u00fcng\u00f6r&#8217;\u00fcn misyona ba\u015flamas\u0131yla \u00e7al\u0131\u015fmalar \u00f6nemli ivme kazand\u0131. Kendisinin sportmen olmas\u0131 ve spora \u00f6ncelik vermesi, il\u00e7ede gen\u00e7li\u011fe ve spora olan takviyesi de artt\u0131rd\u0131. Buras\u0131 k\u00fc\u00e7\u00fck n\u00fcfuslu fakat n\u00fcfusuna nazaran spor yapan oran\u0131 y\u00fcksek bir il\u00e7e oldu.&#8221;<\/strong> diye konu\u015ftu.<\/p>\n<p> <strong>&#8211; &#8220;\u015eu an \u00e7ok d\u00fczg\u00fcn durumday\u0131z&#8221;<\/strong><\/p>\n<p> Fitness ve beden geli\u015ftirme antren\u00f6r\u00fc Volkan Toroman, bir sene evvel vazifeye ba\u015flad\u0131\u011f\u0131nda &#8220;gelen olmaz&#8221; bi\u00e7iminde kan\u0131 ta\u015f\u0131d\u0131\u011f\u0131n\u0131 lakin \u015fu an \u00e7ok uygun durumda olduklar\u0131n\u0131 s\u00f6z etti.<\/p>\n<p> Vatanda\u015flar\u0131n, kamu kurumlar\u0131ndaki memurlar\u0131n, gen\u00e7lerin salona ilgi g\u00f6sterdi\u011fine de\u011finen Toroman, <strong>&#8220;Baz\u0131 devirler bayan saati yap\u0131yoruz. Bayanlar\u0131m\u0131z da ilgi ediyor. Hareket hi\u00e7 eksik olmuyor. \u0130\u015ften \u00e7\u0131kan buraya geliyor.&#8221;<\/strong> dedi.\u00a0<\/p>\n<p> Salona gelen ziraat m\u00fchendisi Fatih K\u0131l\u0131\u00e7, yakla\u015f\u0131k 2 ay evvel salona ba\u015flad\u0131\u011f\u0131n\u0131 belirterek, <strong>&#8220;Mesai \u00e7\u0131k\u0131\u015f\u0131 geliyorum. \u00c7al\u0131\u015fmalar\u0131m\u0131z biraz a\u011f\u0131r tempoda ge\u00e7iyor. Hocam geli\u015fimimiz i\u00e7in \u00e7al\u0131\u015f\u0131yor. Spor hem mental hem de fizik\u00ee olarak rahatlat\u0131yor. \u0130\u015f gerilimini burada at\u0131yoruz.&#8221; \u015f<\/strong>eklinde konu\u015ftu.\u00a0<\/p>\n<p> Banka m\u00fcd\u00fcr\u00fc Alaaddin De\u011firmenci ise Ankara&#8217;da ya\u015fad\u0131\u011f\u0131n\u0131, vazifesi gere\u011fi hafta i\u00e7i il\u00e7ede kald\u0131\u011f\u0131n\u0131 aktararak, <strong>&#8220;Bu salon \u00e7ok de\u011ferli bir f\u0131rsat. Benim i\u00e7in vazge\u00e7ilmez hale geldi. \u0130l\u00e7e i\u00e7in de inan\u0131lmaz f\u0131rsat. Buraya gelen \u00e7ok fazla gen\u00e7 arkada\u015f var.&#8221;<\/strong> tabirlerini kulland\u0131.<\/p>\n","protected":false},"excerpt":{"rendered":"<p>Bolu K\u0131br\u0131sc\u0131k&#8217;ta tekrar a\u00e7\u0131lan fitness salonu, il\u00e7e sakinlerine spor yapma ve toplumsalla\u015fma imkan\u0131 sunuyor.<\/p>\n","protected":false},"author":1,"featured_media":22301,"comment_status":"open","ping_status":"open","sticky":false,"template":"","format":"standard","meta":{"footnotes":""},"categories":[27],"tags":[334,2147,1788,1750,65],"class_list":["post-22300","post","type-post","status-publish","format-standard","has-post-thumbnail","hentry","category-guncel-haberler","tag-genc","tag-kibriscik","tag-salon","tag-salonu","tag-spor"],"_links":{"self":[{"href":"https:\/\/haberbesiktas.tr\/index.php?rest_route=\/wp\/v2\/posts\/22300","targetHints":{"allow":["GET"]}}],"collection":[{"href":"https:\/\/haberbesiktas.tr\/index.php?rest_route=\/wp\/v2\/posts"}],"about":[{"href":"https:\/\/haberbesiktas.tr\/index.php?rest_route=\/wp\/v2\/types\/post"}],"author":[{"embeddable":true,"href":"https:\/\/haberbesiktas.tr\/index.php?rest_route=\/wp\/v2\/users\/1"}],"replies":[{"embeddable":true,"href":"https:\/\/haberbesiktas.tr\/index.php?rest_route=%2Fwp%2Fv2%2Fcomments&post=22300"}],"version-history":[{"count":1,"href":"https:\/\/haberbesiktas.tr\/index.php?rest_route=\/wp\/v2\/posts\/22300\/revisions"}],"predecessor-version":[{"id":22302,"href":"https:\/\/haberbesiktas.tr\/index.php?rest_route=\/wp\/v2\/posts\/22300\/revisions\/22302"}],"wp:featuredmedia":[{"embeddable":true,"href":"https:\/\/haberbesiktas.tr\/index.php?rest_route=\/wp\/v2\/media\/22301"}],"wp:attachment":[{"href":"https:\/\/haberbesiktas.tr\/index.php?rest_route=%2Fwp%2Fv2%2Fmedia&parent=22300"}],"wp:term":[{"taxonomy":"category","embeddable":true,"href":"https:\/\/haberbesiktas.tr\/index.php?rest_route=%2Fwp%2Fv2%2Fcategories&post=22300"},{"taxonomy":"post_tag","embeddable":true,"href":"https:\/\/haberbesiktas.tr\/index.php?rest_route=%2Fwp%2Fv2%2Ftags&post=22300"}],"curies":[{"name":"wp","href":"https:\/\/api.w.org\/{rel}","templated":true}]}}