{"id":22303,"date":"2025-04-22T03:36:06","date_gmt":"2025-04-22T03:36:06","guid":{"rendered":"https:\/\/haberbesiktas.tr\/?p=22303"},"modified":"2025-04-22T03:36:06","modified_gmt":"2025-04-22T03:36:06","slug":"karsiyaka-ikinci-yarida-zirvede","status":"publish","type":"post","link":"https:\/\/haberbesiktas.tr\/?p=22303","title":{"rendered":"Kar\u015f\u0131yaka ikinci yar\u0131da zirvede"},"content":{"rendered":"<div>\n<p>3&#8217;\u00fcnc\u00fc Lig 1&#8217;inci K\u00fcme&#8217;de bu hafta sonu Ku\u015fadas\u0131spor&#8217;la oynamas\u0131 gereken ma\u00e7 Futbol Federasyonu taraf\u0131ndan ligdeki \u00f6b\u00fcr kar\u015f\u0131la\u015fmalarla birlikte yurt genelindeki olumsuz hava kurallar\u0131 y\u00fcz\u00fcnden ertelenen Kar\u015f\u0131yaka, d\u00f6nemin ikinci yar\u0131s\u0131nda g\u00f6sterdi\u011fi performansla zirveye \u00e7\u0131kt\u0131.<\/p>\n<p> Ligde ikinci yar\u0131da Teknik Y\u00f6netici Ahmet Y\u0131ld\u0131r\u0131m idaresinde oynad\u0131\u011f\u0131 5 ma\u00e7ta 4 galibiyet, 1 beraberlik alan Kaf-Kaf, \u015fampiyonluk yar\u0131\u015f\u0131n\u0131 b\u0131rakmazken, ligin en d\u00fczg\u00fcn performans sergileyen ekiplerinden oldu.<\/p>\n<p> Ligde Kar\u015f\u0131yaka ikinci yar\u0131da 5 ma\u00e7ta 13 puan toplarken, ye\u015fil-k\u0131rm\u0131z\u0131l\u0131lar\u0131 yaln\u0131z 4&#8217;\u00fcnc\u00fc K\u00fcme&#8217;de 5&#8217;te 5 yap\u0131p ba\u015fkan olan Mardin 1969 Spor sollad\u0131.<\/p>\n<p> 3&#8217;\u00fcnc\u00fc Lig&#8217;de 2&#8217;nci K\u00fcme&#8217;de Mu\u011flaspor, 3&#8217;\u00fcnc\u00fc K\u00fcme&#8217;de ise 52 Orduspor da ye\u015fil-k\u0131rm\u0131z\u0131l\u0131lar \u00fczere devrede 5 ma\u00e7ta 13 puan ald\u0131.<\/p>\n<p> \u00a0<\/p>\n<p> \u00a0<\/p>\n<p> \u00a0<\/p>\n<p> \u00a0<\/p>\n<\/div>\n<p><\/p>\n","protected":false},"excerpt":{"rendered":"<p>Kar\u015f\u0131yaka, ikinci yar\u0131da g\u00f6sterdi\u011fi \u00e7\u0131k\u0131\u015fla tepe yar\u0131\u015f\u0131nda sav\u0131n\u0131 s\u00fcrd\u00fcr\u00fcyor.<\/p>\n","protected":false},"author":1,"featured_media":22304,"comment_status":"open","ping_status":"open","sticky":false,"template":"","format":"standard","meta":{"footnotes":""},"categories":[25],"tags":[51],"class_list":["post-22303","post","type-post","status-publish","format-standard","has-post-thumbnail","hentry","category-futbol","tag-lig"],"_links":{"self":[{"href":"https:\/\/haberbesiktas.tr\/index.php?rest_route=\/wp\/v2\/posts\/22303","targetHints":{"allow":["GET"]}}],"collection":[{"href":"https:\/\/haberbesiktas.tr\/index.php?rest_route=\/wp\/v2\/posts"}],"about":[{"href":"https:\/\/haberbesiktas.tr\/index.php?rest_route=\/wp\/v2\/types\/post"}],"author":[{"embeddable":true,"href":"https:\/\/haberbesiktas.tr\/index.php?rest_route=\/wp\/v2\/users\/1"}],"replies":[{"embeddable":true,"href":"https:\/\/haberbesiktas.tr\/index.php?rest_route=%2Fwp%2Fv2%2Fcomments&post=22303"}],"version-history":[{"count":1,"href":"https:\/\/haberbesiktas.tr\/index.php?rest_route=\/wp\/v2\/posts\/22303\/revisions"}],"predecessor-version":[{"id":22305,"href":"https:\/\/haberbesiktas.tr\/index.php?rest_route=\/wp\/v2\/posts\/22303\/revisions\/22305"}],"wp:featuredmedia":[{"embeddable":true,"href":"https:\/\/haberbesiktas.tr\/index.php?rest_route=\/wp\/v2\/media\/22304"}],"wp:attachment":[{"href":"https:\/\/haberbesiktas.tr\/index.php?rest_route=%2Fwp%2Fv2%2Fmedia&parent=22303"}],"wp:term":[{"taxonomy":"category","embeddable":true,"href":"https:\/\/haberbesiktas.tr\/index.php?rest_route=%2Fwp%2Fv2%2Fcategories&post=22303"},{"taxonomy":"post_tag","embeddable":true,"href":"https:\/\/haberbesiktas.tr\/index.php?rest_route=%2Fwp%2Fv2%2Ftags&post=22303"}],"curies":[{"name":"wp","href":"https:\/\/api.w.org\/{rel}","templated":true}]}}