{"id":2231,"date":"2025-01-09T15:30:47","date_gmt":"2025-01-09T15:30:47","guid":{"rendered":"https:\/\/haberbesiktas.tr\/?p=2231"},"modified":"2025-01-09T15:30:47","modified_gmt":"2025-01-09T15:30:47","slug":"jaka-bijol-icin-fenerbahceye-ret","status":"publish","type":"post","link":"https:\/\/haberbesiktas.tr\/?p=2231","title":{"rendered":"Jaka Bijol i\u00e7in Fenerbah\u00e7e&#8217;ye ret!"},"content":{"rendered":"<div>Transfer \u00e7al\u0131\u015fmalar\u0131na devam eden ve orta transfer devrinde tak\u0131m\u0131na kesinlikle bir stoper deste\u011fi yapmak isteyen Fenerbah\u00e7e&#8217;ye \u0130talya&#8217;dan makus bir haber geldi.<\/p>\n<p> <strong>FENERBAH\u00c7E&#8217;YE RET<\/strong><\/p>\n<p> \u0130talyan bas\u0131n\u0131ndan Schira&#8217;n\u0131n haberine nazaran, Udinese, Fenerbah\u00e7e&#8217;den Jaka Bijol i\u00e7in gelen teklifi geri \u00e7evirdi.<\/p>\n<p> Bijol&#8217;u devre ortas\u0131 transfer devrinde kaybetmek istemeyen Udinese, bu nedenle Fenerbah\u00e7e&#8217;nin teklifini kabul etmedi.<\/p>\n<p><strong>S\u00d6ZLE\u015eMES\u0130, PERFORMANSI<\/strong><\/p>\n<p> Akt\u00fcel piyasa pahas\u0131 18 milyon euro olarak g\u00f6sterilen Bijol&#8217;\u00fcn Udinese ile mukavelesi 2027 y\u0131l\u0131na kadar devam ediyor.<\/p>\n<p> Udinese&#8217;de bu d\u00f6nem 20 ma\u00e7a \u00e7\u0131kan Jaka Bijol, 2 gol att\u0131 ve 2 asist yapt\u0131.<\/p>\n<\/div>\n","protected":false},"excerpt":{"rendered":"<p>Udinese, Fenerbah\u00e7e&#8217;nin Jaka Bijol i\u00e7in yapt\u0131\u011f\u0131 teklifi geri \u00e7evirdi.<\/p>\n","protected":false},"author":1,"featured_media":2232,"comment_status":"open","ping_status":"open","sticky":false,"template":"","format":"standard","meta":{"footnotes":""},"categories":[25],"tags":[],"class_list":["post-2231","post","type-post","status-publish","format-standard","has-post-thumbnail","hentry","category-futbol"],"_links":{"self":[{"href":"https:\/\/haberbesiktas.tr\/index.php?rest_route=\/wp\/v2\/posts\/2231","targetHints":{"allow":["GET"]}}],"collection":[{"href":"https:\/\/haberbesiktas.tr\/index.php?rest_route=\/wp\/v2\/posts"}],"about":[{"href":"https:\/\/haberbesiktas.tr\/index.php?rest_route=\/wp\/v2\/types\/post"}],"author":[{"embeddable":true,"href":"https:\/\/haberbesiktas.tr\/index.php?rest_route=\/wp\/v2\/users\/1"}],"replies":[{"embeddable":true,"href":"https:\/\/haberbesiktas.tr\/index.php?rest_route=%2Fwp%2Fv2%2Fcomments&post=2231"}],"version-history":[{"count":1,"href":"https:\/\/haberbesiktas.tr\/index.php?rest_route=\/wp\/v2\/posts\/2231\/revisions"}],"predecessor-version":[{"id":2233,"href":"https:\/\/haberbesiktas.tr\/index.php?rest_route=\/wp\/v2\/posts\/2231\/revisions\/2233"}],"wp:featuredmedia":[{"embeddable":true,"href":"https:\/\/haberbesiktas.tr\/index.php?rest_route=\/wp\/v2\/media\/2232"}],"wp:attachment":[{"href":"https:\/\/haberbesiktas.tr\/index.php?rest_route=%2Fwp%2Fv2%2Fmedia&parent=2231"}],"wp:term":[{"taxonomy":"category","embeddable":true,"href":"https:\/\/haberbesiktas.tr\/index.php?rest_route=%2Fwp%2Fv2%2Fcategories&post=2231"},{"taxonomy":"post_tag","embeddable":true,"href":"https:\/\/haberbesiktas.tr\/index.php?rest_route=%2Fwp%2Fv2%2Ftags&post=2231"}],"curies":[{"name":"wp","href":"https:\/\/api.w.org\/{rel}","templated":true}]}}