{"id":2237,"date":"2025-01-09T16:06:44","date_gmt":"2025-01-09T16:06:44","guid":{"rendered":"https:\/\/haberbesiktas.tr\/?p=2237"},"modified":"2025-01-09T16:06:44","modified_gmt":"2025-01-09T16:06:44","slug":"valencia-kral-kupasinda-son-16ya-yukseldi","status":"publish","type":"post","link":"https:\/\/haberbesiktas.tr\/?p=2237","title":{"rendered":"Valencia, Kral Kupas\u0131&#8217;nda Son 16&#8217;ya y\u00fckseldi"},"content":{"rendered":"<div>\u0130spanya Kral Kupas\u0131 Son 32 Tipi&#8217;nde La Liga grubu Valencia ile La Liga 2 grubu Eldense kar\u015f\u0131 kar\u015f\u0131ya geldi. Estadio Municipal Nuevo Pecipo Amat&#8217;ta oynanan \u00e7abay\u0131 Valencia 2-0&#8217;l\u0131k skorla kazand\u0131.<\/p>\n<p> Valencia&#8217;ya galibiyeti getiren golleri 9. dakikada Stant Canos, 39. dakikada Diego Lopez kaydetti.<\/p>\n<p> Bu sonucun akabinde Valencia, Kral Kupas\u0131&#8217;nda bir \u00fcst cinse y\u00fckseldi. Eldense ise turnuvaya\u00a0veda\u00a0etti.<\/p>\n<\/div>\n","protected":false},"excerpt":{"rendered":"<p>\u0130spanya Kral Kupas\u0131 Son 32 Tipi&#8217;nde La Liga tak\u0131m\u0131 Valencia, La Liga 2 grubu Eldense&#8217;yi 2-0 ma\u011flup ederek Son 16&#8217;ya y\u00fckseldi.<\/p>\n","protected":false},"author":1,"featured_media":2238,"comment_status":"open","ping_status":"open","sticky":false,"template":"","format":"standard","meta":{"footnotes":""},"categories":[25],"tags":[],"class_list":["post-2237","post","type-post","status-publish","format-standard","has-post-thumbnail","hentry","category-futbol"],"_links":{"self":[{"href":"https:\/\/haberbesiktas.tr\/index.php?rest_route=\/wp\/v2\/posts\/2237","targetHints":{"allow":["GET"]}}],"collection":[{"href":"https:\/\/haberbesiktas.tr\/index.php?rest_route=\/wp\/v2\/posts"}],"about":[{"href":"https:\/\/haberbesiktas.tr\/index.php?rest_route=\/wp\/v2\/types\/post"}],"author":[{"embeddable":true,"href":"https:\/\/haberbesiktas.tr\/index.php?rest_route=\/wp\/v2\/users\/1"}],"replies":[{"embeddable":true,"href":"https:\/\/haberbesiktas.tr\/index.php?rest_route=%2Fwp%2Fv2%2Fcomments&post=2237"}],"version-history":[{"count":1,"href":"https:\/\/haberbesiktas.tr\/index.php?rest_route=\/wp\/v2\/posts\/2237\/revisions"}],"predecessor-version":[{"id":2239,"href":"https:\/\/haberbesiktas.tr\/index.php?rest_route=\/wp\/v2\/posts\/2237\/revisions\/2239"}],"wp:featuredmedia":[{"embeddable":true,"href":"https:\/\/haberbesiktas.tr\/index.php?rest_route=\/wp\/v2\/media\/2238"}],"wp:attachment":[{"href":"https:\/\/haberbesiktas.tr\/index.php?rest_route=%2Fwp%2Fv2%2Fmedia&parent=2237"}],"wp:term":[{"taxonomy":"category","embeddable":true,"href":"https:\/\/haberbesiktas.tr\/index.php?rest_route=%2Fwp%2Fv2%2Fcategories&post=2237"},{"taxonomy":"post_tag","embeddable":true,"href":"https:\/\/haberbesiktas.tr\/index.php?rest_route=%2Fwp%2Fv2%2Ftags&post=2237"}],"curies":[{"name":"wp","href":"https:\/\/api.w.org\/{rel}","templated":true}]}}