{"id":22375,"date":"2025-04-22T08:12:06","date_gmt":"2025-04-22T08:12:06","guid":{"rendered":"https:\/\/haberbesiktas.tr\/?p=22375"},"modified":"2025-04-22T08:12:06","modified_gmt":"2025-04-22T08:12:06","slug":"cagdas-cavus-bu-sartlarda-puanla-donmek-cok-kiymetliydi","status":"publish","type":"post","link":"https:\/\/haberbesiktas.tr\/?p=22375","title":{"rendered":"\u00c7a\u011fda\u015f \u00c7avu\u015f: &#8220;Bu \u015fartlarda puanla d\u00f6nmek \u00e7ok k\u0131ymetliydi&#8221;"},"content":{"rendered":"<div>Trendyol 1. Lig&#8217;in 26. haftas\u0131nda konuk oldu\u011fu Erzurumspor FK ile 0-0 berabere kalan Alag\u00f6z Holding I\u011fd\u0131r FK Teknik Y\u00f6neticisi \u00c7a\u011fda\u015f \u00c7avu\u015f, u\u011fra\u015f\u0131n akabinde a\u00e7\u0131klamalarda bulundu.<\/p>\n<p> \u00c7avu\u015f, Erzurumspor FK&#8217;nin oyun tarz\u0131n\u0131 tahlil ettiklerini aktararak, \u015funlar\u0131 kaydetti:<\/p>\n<p> <strong>&#8220;\u00d6n alan bask\u0131s\u0131yla ba\u015flay\u0131p, oyunu orada kesip 9-7-11 numaral\u0131 oyuncularla bask\u0131 yaparak d\u00fc\u015fecek ikinci toplar\u0131 almak bizim i\u00e7in \u00e7ok pahal\u0131yd\u0131. Oyuncu k\u00fcmesi nitekim \u00e7ok ho\u015f tepki g\u00f6sterdi. Birinci devrede ve ikinci devrede, duran toplar haricinde Erzurum grubunu ceza alan\u0131m\u0131z\u0131n i\u00e7ine sokmad\u0131k. Birinci devrede 1-2 durumumuz vard\u0131 ancak genel manada ma\u00e7\u0131n ba\u015f\u0131ndan sonuna kadar organize ve planlad\u0131\u011f\u0131m\u0131z \u00fczere bir oyun oynad\u0131k. Ma\u00e7 \u00f6ncesinde d\u00fc\u015f\u00fcnd\u00fc\u011f\u00fcm\u00fczde, buradan alaca\u011f\u0131m\u0131z galibiyetin hem s\u0131ralama a\u00e7\u0131s\u0131ndan hem de sonraki ma\u00e7larda g\u00f6sterece\u011fimiz tepki a\u00e7\u0131s\u0131ndan \u00e7ok k\u0131ymetli olaca\u011f\u0131n\u0131 biliyorduk. \u00dc\u00e7 puan\u0131 hedefleyerek geldik. Lakin oyuncu k\u00fcmesinin alanda verdi\u011fi u\u011fra\u015f ve emek sayesinde deplasmandan bu hava kurallar\u0131nda ve saha \u015fartlar\u0131nda puanla d\u00f6nmek \u00e7ok de\u011ferliydi.&#8221;<\/strong><\/p>\n<p> \u00a0<\/p>\n<\/div>\n<p><\/p>\n","protected":false},"excerpt":{"rendered":"<p>Trendyol 1. Lig&#8217;in 26. haftas\u0131nda konuk oldu\u011fu Erzurumspor FK ile 0-0 berabere kalan Alag\u00f6z Holding I\u011fd\u0131r FK Teknik Y\u00f6neticisi \u00c7a\u011fda\u015f \u00c7avu\u015f, ma\u00e7\u0131n akabinde a\u00e7\u0131klama yapt\u0131.<\/p>\n","protected":false},"author":1,"featured_media":22376,"comment_status":"open","ping_status":"open","sticky":false,"template":"","format":"standard","meta":{"footnotes":""},"categories":[25],"tags":[43],"class_list":["post-22375","post","type-post","status-publish","format-standard","has-post-thumbnail","hentry","category-futbol","tag-oyun"],"_links":{"self":[{"href":"https:\/\/haberbesiktas.tr\/index.php?rest_route=\/wp\/v2\/posts\/22375","targetHints":{"allow":["GET"]}}],"collection":[{"href":"https:\/\/haberbesiktas.tr\/index.php?rest_route=\/wp\/v2\/posts"}],"about":[{"href":"https:\/\/haberbesiktas.tr\/index.php?rest_route=\/wp\/v2\/types\/post"}],"author":[{"embeddable":true,"href":"https:\/\/haberbesiktas.tr\/index.php?rest_route=\/wp\/v2\/users\/1"}],"replies":[{"embeddable":true,"href":"https:\/\/haberbesiktas.tr\/index.php?rest_route=%2Fwp%2Fv2%2Fcomments&post=22375"}],"version-history":[{"count":1,"href":"https:\/\/haberbesiktas.tr\/index.php?rest_route=\/wp\/v2\/posts\/22375\/revisions"}],"predecessor-version":[{"id":22377,"href":"https:\/\/haberbesiktas.tr\/index.php?rest_route=\/wp\/v2\/posts\/22375\/revisions\/22377"}],"wp:featuredmedia":[{"embeddable":true,"href":"https:\/\/haberbesiktas.tr\/index.php?rest_route=\/wp\/v2\/media\/22376"}],"wp:attachment":[{"href":"https:\/\/haberbesiktas.tr\/index.php?rest_route=%2Fwp%2Fv2%2Fmedia&parent=22375"}],"wp:term":[{"taxonomy":"category","embeddable":true,"href":"https:\/\/haberbesiktas.tr\/index.php?rest_route=%2Fwp%2Fv2%2Fcategories&post=22375"},{"taxonomy":"post_tag","embeddable":true,"href":"https:\/\/haberbesiktas.tr\/index.php?rest_route=%2Fwp%2Fv2%2Ftags&post=22375"}],"curies":[{"name":"wp","href":"https:\/\/api.w.org\/{rel}","templated":true}]}}