{"id":22384,"date":"2025-04-22T08:48:16","date_gmt":"2025-04-22T08:48:16","guid":{"rendered":"https:\/\/haberbesiktas.tr\/?p=22384"},"modified":"2025-04-22T08:48:16","modified_gmt":"2025-04-22T08:48:16","slug":"real-madrid-3-mac-sonra-kazandi","status":"publish","type":"post","link":"https:\/\/haberbesiktas.tr\/?p=22384","title":{"rendered":"Real Madrid, 3 ma\u00e7 sonra kazand\u0131!"},"content":{"rendered":"<div>\u0130spanya La Liga&#8217;n\u0131n 25. hafta gayretinde Real Madrid, Girona&#8217;y\u0131 konuk etti.\u00a0<\/p>\n<p>Santiago Bernabeu&#8217;da oynanan \u00e7abay\u0131 mesken sahibi 2-0 kazand\u0131.\u00a0<\/p>\n<p>Real Madrid&#8217;e galibiyeti getiren golleri 41. dakikada <strong>Luka Modric <\/strong>ve 83. dakikada<strong> Vinicius Junior <\/strong>\u00a0kaydetti.\u00a0<\/p>\n<p>Ligde 3 ma\u00e7 sonra galip gelen ve 54 puana ula\u015fan Real Madrid, \u00f6nder Barcelona ile puanlar\u0131n\u0131 e\u015fitledi. \u00dcst \u00fcste 3. yenilgisini alan Girona ise 31 puanda kald\u0131 ve 12. s\u0131rada konumland\u0131.\u00a0<br \/> <strong>UZAK UZAKLIKTAN AVLADI<br \/><\/strong><br \/>Luka Modric&#8217;in Real Madrid&#8217;i 1-0 \u00f6ne ge\u00e7iren gol\u00fc, izleyenleri hayran b\u0131rakt\u0131. Sol k\u00f6\u015feden kullan\u0131lan k\u00f6\u015fe vuru\u015funda top ceza alan\u0131 d\u0131\u015f\u0131na a\u00e7\u0131ld\u0131. H\u0131rvat orta saha uzak aradan yapt\u0131\u011f\u0131 sert vuru\u015fla Girona kalecisini avlad\u0131.\u00a0<span>Modric&#8217;in att\u0131\u011f\u0131 \u015f\u0131k gole ekip arkada\u015flar\u0131 ve taraftarlar \u015fa\u015fk\u0131nl\u0131kla reaksiyon verdi.<\/span><\/p>\n<p>https:\/\/twitter.com\/sporxtv\/status\/1893692802669715507<\/p>\n<p>https:\/\/twitter.com\/sporxtv\/status\/1893708152513634357<\/p>\n<p> <strong>  ARDA G\u00dcLER OYNAMADI<\/p>\n<p><\/strong>\u00d6te yandan Real Madrid&#8217;de forma giyen ulusal futbolcumuz Arda G\u00fcler, ma\u00e7ta m\u00fchlet almad\u0131 ve \u00e7abay\u0131 yedek kul\u00fcbesinde tamamlad\u0131.\u00a0<\/p>\n<p>La Liga&#8217;da bir sonraki hafta Real Madrid, Real Betis&#8217;e konuk olacak. Girona ise Celta Vigo&#8217;yu konuk edecek.\u00a0<br \/><strong><\/p>\n<p><\/strong><\/p>\n<p><\/div>\n<p><\/p>\n","protected":false},"excerpt":{"rendered":"<p>\u0130spanya La Liga&#8217;n\u0131n 25. hafta \u00e7abas\u0131nda Real Madrid, konuk etti\u011fi Girona&#8217;y\u0131 2-0 ma\u011flup etti. 3 ma\u00e7 sonra galip gelen Real Madrid, \u00f6nder Barcelona ile puan\u0131n\u0131 e\u015fitledi.<\/p>\n","protected":false},"author":1,"featured_media":22387,"comment_status":"open","ping_status":"open","sticky":false,"template":"","format":"standard","meta":{"footnotes":""},"categories":[25],"tags":[700],"class_list":["post-22384","post","type-post","status-publish","format-standard","has-post-thumbnail","hentry","category-futbol","tag-real"],"_links":{"self":[{"href":"https:\/\/haberbesiktas.tr\/index.php?rest_route=\/wp\/v2\/posts\/22384","targetHints":{"allow":["GET"]}}],"collection":[{"href":"https:\/\/haberbesiktas.tr\/index.php?rest_route=\/wp\/v2\/posts"}],"about":[{"href":"https:\/\/haberbesiktas.tr\/index.php?rest_route=\/wp\/v2\/types\/post"}],"author":[{"embeddable":true,"href":"https:\/\/haberbesiktas.tr\/index.php?rest_route=\/wp\/v2\/users\/1"}],"replies":[{"embeddable":true,"href":"https:\/\/haberbesiktas.tr\/index.php?rest_route=%2Fwp%2Fv2%2Fcomments&post=22384"}],"version-history":[{"count":1,"href":"https:\/\/haberbesiktas.tr\/index.php?rest_route=\/wp\/v2\/posts\/22384\/revisions"}],"predecessor-version":[{"id":22388,"href":"https:\/\/haberbesiktas.tr\/index.php?rest_route=\/wp\/v2\/posts\/22384\/revisions\/22388"}],"wp:featuredmedia":[{"embeddable":true,"href":"https:\/\/haberbesiktas.tr\/index.php?rest_route=\/wp\/v2\/media\/22387"}],"wp:attachment":[{"href":"https:\/\/haberbesiktas.tr\/index.php?rest_route=%2Fwp%2Fv2%2Fmedia&parent=22384"}],"wp:term":[{"taxonomy":"category","embeddable":true,"href":"https:\/\/haberbesiktas.tr\/index.php?rest_route=%2Fwp%2Fv2%2Fcategories&post=22384"},{"taxonomy":"post_tag","embeddable":true,"href":"https:\/\/haberbesiktas.tr\/index.php?rest_route=%2Fwp%2Fv2%2Ftags&post=22384"}],"curies":[{"name":"wp","href":"https:\/\/api.w.org\/{rel}","templated":true}]}}