{"id":22397,"date":"2025-04-22T09:12:07","date_gmt":"2025-04-22T09:12:07","guid":{"rendered":"https:\/\/haberbesiktas.tr\/?p=22397"},"modified":"2025-04-22T09:12:07","modified_gmt":"2025-04-22T09:12:07","slug":"milli-okcu-mete-gazozdan-bir-madalya-daha","status":"publish","type":"post","link":"https:\/\/haberbesiktas.tr\/?p=22397","title":{"rendered":"Milli ok\u00e7u Mete Gazoz&#8217;dan bir madalya daha!"},"content":{"rendered":"<p>Samsun&#8217;da d\u00fczenlenen Avrupa Salon Ok\u00e7uluk \u015eampiyonas\u0131 sona erdi.<\/p>\n<p> \u0130lkad\u0131m Ok\u00e7uluk Tesisleri&#8217;nde ger\u00e7ekle\u015ftirilen \u015fampiyonan\u0131n son k\u0131sm\u0131nda klasik yay ferd\u00ee final kar\u015f\u0131la\u015fmalar\u0131 yap\u0131ld\u0131.<\/p>\n<p> Kar\u015f\u0131la\u015fmalarda Bulgaristan&#8217;dan Ivan Banchev alt\u0131n madalyaya ula\u015f\u0131rken, ulusal sportmen Mete Gazoz g\u00fcm\u00fc\u015f madalyan\u0131n sahibi oldu. Ba\u011f\u0131ms\u0131z olarak \u015fampiyonaya kat\u0131lan Yerlen Baldanov ise bronz madalya kazand\u0131.<\/p>\n<p> Ok\u00e7uluk Ulusal Ekipler Teknik Y\u00f6neticisi Yusuf G\u00f6ktu\u011f Ergin, gazetecilere yapt\u0131\u011f\u0131 a\u00e7\u0131klamada, Avrupa Salon Ok\u00e7uluk \u015eampiyonas\u0131&#8217;n\u0131 muvaffakiyetle tamamlaman\u0131n memnunlu\u011funu ya\u015fad\u0131klar\u0131n\u0131 s\u00f6yledi.<\/p>\n<p> Ergin, 36 ki\u015filik g\u00fc\u00e7l\u00fc bir ulusal kadro tak\u0131m\u0131yla \u015fampiyonada yar\u0131\u015ft\u0131klar\u0131n\u0131 belirterek, \u015funlar\u0131 kaydetti:<\/p>\n<p> &#8220;Sporcular\u0131m\u0131z\u0131n nitekim \u00e7ok g\u00fczel bir performans g\u00f6sterdiklerini s\u00f6yleyebilirim. \u015eampiyonay\u0131 20 madalya ile tamamlad\u0131k. \u015eu anda en \u00e7ok madalya kazanan \u00fclkeler ortas\u0131nda \u0130talya ile tepede yer al\u0131yoruz. Bu \u015fampiyona bizim i\u00e7in bu y\u0131l\u0131n ba\u015flang\u0131\u00e7 m\u00fcsabakas\u0131yd\u0131. Atletlerimiz, olimpiyat sonras\u0131nda yeni periyoda ba\u015flang\u0131c\u0131n habercisi olan bir m\u00fcsabaka ge\u00e7irdi. Burada eksikliklerimizi de g\u00f6rm\u00fc\u015f olduk.&#8221;<\/p>\n<p> Kar\u015f\u0131la\u015fmalarda dereceye giren atletlere m\u00fckafatlar\u0131n\u0131, Samsun Valisi Orhan Tavl\u0131 ile Gen\u00e7lik ve Spor Vilayet M\u00fcd\u00fcr\u00fc Feyzullah Dereci verdi.<\/p>\n","protected":false},"excerpt":{"rendered":"<p>Avrupa Salon Ok\u00e7uluk \u015eampiyonas\u0131&#8217;nda ulusal ok\u00e7u Mete Gazoz, g\u00fcm\u00fc\u015f madalya kazand\u0131.<\/p>\n","protected":false},"author":1,"featured_media":22398,"comment_status":"open","ping_status":"open","sticky":false,"template":"","format":"standard","meta":{"footnotes":""},"categories":[27],"tags":[339,696,65],"class_list":["post-22397","post","type-post","status-publish","format-standard","has-post-thumbnail","hentry","category-guncel-haberler","tag-madalya","tag-sampiyona","tag-spor"],"_links":{"self":[{"href":"https:\/\/haberbesiktas.tr\/index.php?rest_route=\/wp\/v2\/posts\/22397","targetHints":{"allow":["GET"]}}],"collection":[{"href":"https:\/\/haberbesiktas.tr\/index.php?rest_route=\/wp\/v2\/posts"}],"about":[{"href":"https:\/\/haberbesiktas.tr\/index.php?rest_route=\/wp\/v2\/types\/post"}],"author":[{"embeddable":true,"href":"https:\/\/haberbesiktas.tr\/index.php?rest_route=\/wp\/v2\/users\/1"}],"replies":[{"embeddable":true,"href":"https:\/\/haberbesiktas.tr\/index.php?rest_route=%2Fwp%2Fv2%2Fcomments&post=22397"}],"version-history":[{"count":1,"href":"https:\/\/haberbesiktas.tr\/index.php?rest_route=\/wp\/v2\/posts\/22397\/revisions"}],"predecessor-version":[{"id":22399,"href":"https:\/\/haberbesiktas.tr\/index.php?rest_route=\/wp\/v2\/posts\/22397\/revisions\/22399"}],"wp:featuredmedia":[{"embeddable":true,"href":"https:\/\/haberbesiktas.tr\/index.php?rest_route=\/wp\/v2\/media\/22398"}],"wp:attachment":[{"href":"https:\/\/haberbesiktas.tr\/index.php?rest_route=%2Fwp%2Fv2%2Fmedia&parent=22397"}],"wp:term":[{"taxonomy":"category","embeddable":true,"href":"https:\/\/haberbesiktas.tr\/index.php?rest_route=%2Fwp%2Fv2%2Fcategories&post=22397"},{"taxonomy":"post_tag","embeddable":true,"href":"https:\/\/haberbesiktas.tr\/index.php?rest_route=%2Fwp%2Fv2%2Ftags&post=22397"}],"curies":[{"name":"wp","href":"https:\/\/api.w.org\/{rel}","templated":true}]}}