{"id":2240,"date":"2025-01-09T16:18:42","date_gmt":"2025-01-09T16:18:42","guid":{"rendered":"https:\/\/haberbesiktas.tr\/?p=2240"},"modified":"2025-01-09T16:18:42","modified_gmt":"2025-01-09T16:18:42","slug":"sporting-portoyu-yenerek-finale-yukseldi","status":"publish","type":"post","link":"https:\/\/haberbesiktas.tr\/?p=2240","title":{"rendered":"Sporting, Porto&#8217;yu yenerek finale y\u00fckseldi!"},"content":{"rendered":"<div>Portekiz Lig Kupas\u0131 yar\u0131 final ma\u00e7\u0131nda Sporting ile Porto kar\u015f\u0131 kar\u015f\u0131ya geldi.\u00a0<\/p>\n<p>Dr. Magalhaes Pessoa Stad\u0131&#8217;nda oynanan \u00e7abay\u0131 Sporting 1-0 kazand\u0131 ve ismini finale yazd\u0131rd\u0131.<\/p>\n<p>Sporting&#8217;e galibiyeti getiren gol\u00fc, 56. dakikada <strong>Viktor Gy\u00f6keres<\/strong> kaydetti.\u00a0<\/p>\n<p><span>Sporting, 8 Ocak&#8217;ta oynanacak Benfica-Braga ma\u00e7\u0131n\u0131n galibiyle 11 Ocak&#8217;ta final ma\u00e7\u0131na \u00e7\u0131kacak.<\/p>\n<p><strong>GY\u00d6KERES, ATMAYA DEVAM ED\u0130YOR<\/strong><\/p>\n<p><\/span>\u00d6te yandan Sporting&#8217;in\u00a0 \u0130sve\u00e7li golc\u00fcs\u00fc Gy\u00f6keres, bu d\u00f6nem \u00e7\u0131kt\u0131\u011f\u0131 29 resmi ma\u00e7ta 31. gol\u00fcne ula\u015ft\u0131.\u00a0\u00a026 ya\u015f\u0131ndaki futbolcu, 6 da asist katk\u0131s\u0131 yapt\u0131. <\/p>\n<p>https:\/\/twitter.com\/sporxtv\/status\/1876740313512878197<\/p>\n<\/p><\/div>\n","protected":false},"excerpt":{"rendered":"<p>Portekiz Lig Kupas\u0131 yar\u0131 final ma\u00e7\u0131nda Sporting, Porto&#8217;yu 1-0 ma\u011flup ederek finale y\u00fckseldi.<\/p>\n","protected":false},"author":1,"featured_media":2241,"comment_status":"open","ping_status":"open","sticky":false,"template":"","format":"standard","meta":{"footnotes":""},"categories":[25],"tags":[262],"class_list":["post-2240","post","type-post","status-publish","format-standard","has-post-thumbnail","hentry","category-futbol","tag-sporting"],"_links":{"self":[{"href":"https:\/\/haberbesiktas.tr\/index.php?rest_route=\/wp\/v2\/posts\/2240","targetHints":{"allow":["GET"]}}],"collection":[{"href":"https:\/\/haberbesiktas.tr\/index.php?rest_route=\/wp\/v2\/posts"}],"about":[{"href":"https:\/\/haberbesiktas.tr\/index.php?rest_route=\/wp\/v2\/types\/post"}],"author":[{"embeddable":true,"href":"https:\/\/haberbesiktas.tr\/index.php?rest_route=\/wp\/v2\/users\/1"}],"replies":[{"embeddable":true,"href":"https:\/\/haberbesiktas.tr\/index.php?rest_route=%2Fwp%2Fv2%2Fcomments&post=2240"}],"version-history":[{"count":1,"href":"https:\/\/haberbesiktas.tr\/index.php?rest_route=\/wp\/v2\/posts\/2240\/revisions"}],"predecessor-version":[{"id":2242,"href":"https:\/\/haberbesiktas.tr\/index.php?rest_route=\/wp\/v2\/posts\/2240\/revisions\/2242"}],"wp:featuredmedia":[{"embeddable":true,"href":"https:\/\/haberbesiktas.tr\/index.php?rest_route=\/wp\/v2\/media\/2241"}],"wp:attachment":[{"href":"https:\/\/haberbesiktas.tr\/index.php?rest_route=%2Fwp%2Fv2%2Fmedia&parent=2240"}],"wp:term":[{"taxonomy":"category","embeddable":true,"href":"https:\/\/haberbesiktas.tr\/index.php?rest_route=%2Fwp%2Fv2%2Fcategories&post=2240"},{"taxonomy":"post_tag","embeddable":true,"href":"https:\/\/haberbesiktas.tr\/index.php?rest_route=%2Fwp%2Fv2%2Ftags&post=2240"}],"curies":[{"name":"wp","href":"https:\/\/api.w.org\/{rel}","templated":true}]}}