{"id":22403,"date":"2025-04-22T09:36:07","date_gmt":"2025-04-22T09:36:07","guid":{"rendered":"https:\/\/haberbesiktas.tr\/?p=22403"},"modified":"2025-04-22T09:36:07","modified_gmt":"2025-04-22T09:36:07","slug":"edin-visca-gecenin-yildizi-takimdi","status":"publish","type":"post","link":"https:\/\/haberbesiktas.tr\/?p=22403","title":{"rendered":"Edin Visca: &#8220;Gecenin y\u0131ld\u0131z\u0131 tak\u0131md\u0131&#8221;"},"content":{"rendered":"<div>Trendyol Harika Lig&#8217;in 25. haftas\u0131nda Gaziantep FK&#8217;yi 3-2&#8217;lik skorla ma\u011flup eden Trabzonspor&#8217;da Edin Visca ma\u00e7\u0131n akabinde konu\u015ftu.<\/p>\n<p>Ma\u00e7\u0131 1 gol ve 1 asistle tamamlayan Visca, &#8220;<span>\u00c7ok g\u00fc\u00e7 bir havayd\u0131. Bu galibiyeti alan\u0131m\u0131z i\u00e7in \u00e7al\u0131\u015fan arkada\u015flar\u0131m\u0131za emanet ediyoruz. 3-2&#8217;den sonra g\u00fc\u00e7 bir ma\u00e7 oldu. G\u00fczel bir ekibiz, in\u015fallah kazanmaya devam ederiz. Gecenin y\u0131ld\u0131z\u0131 gruptu. Ge\u00e7en hafta bu duran top tertibini \u00e7al\u0131\u015ft\u0131k. Ben, Cham&#8217;a vermi\u015ftim. Yeniden \u00e7al\u0131\u015fmaya devam edece\u011fiz.&#8221; dedi.<\/span><\/div>\n<p><\/p>\n","protected":false},"excerpt":{"rendered":"<p>Trendyol Harika Lig&#8217;in 25. haftas\u0131nda Gaziantep FK&#8217;yi 3-2&#8217;lik skorla ma\u011flup eden Trabzonspor&#8217;da Edin Visca a\u00e7\u0131klamalarda bulundu.<\/p>\n","protected":false},"author":1,"featured_media":22404,"comment_status":"open","ping_status":"open","sticky":false,"template":"","format":"standard","meta":{"footnotes":""},"categories":[25],"tags":[],"class_list":["post-22403","post","type-post","status-publish","format-standard","has-post-thumbnail","hentry","category-futbol"],"_links":{"self":[{"href":"https:\/\/haberbesiktas.tr\/index.php?rest_route=\/wp\/v2\/posts\/22403","targetHints":{"allow":["GET"]}}],"collection":[{"href":"https:\/\/haberbesiktas.tr\/index.php?rest_route=\/wp\/v2\/posts"}],"about":[{"href":"https:\/\/haberbesiktas.tr\/index.php?rest_route=\/wp\/v2\/types\/post"}],"author":[{"embeddable":true,"href":"https:\/\/haberbesiktas.tr\/index.php?rest_route=\/wp\/v2\/users\/1"}],"replies":[{"embeddable":true,"href":"https:\/\/haberbesiktas.tr\/index.php?rest_route=%2Fwp%2Fv2%2Fcomments&post=22403"}],"version-history":[{"count":1,"href":"https:\/\/haberbesiktas.tr\/index.php?rest_route=\/wp\/v2\/posts\/22403\/revisions"}],"predecessor-version":[{"id":22405,"href":"https:\/\/haberbesiktas.tr\/index.php?rest_route=\/wp\/v2\/posts\/22403\/revisions\/22405"}],"wp:featuredmedia":[{"embeddable":true,"href":"https:\/\/haberbesiktas.tr\/index.php?rest_route=\/wp\/v2\/media\/22404"}],"wp:attachment":[{"href":"https:\/\/haberbesiktas.tr\/index.php?rest_route=%2Fwp%2Fv2%2Fmedia&parent=22403"}],"wp:term":[{"taxonomy":"category","embeddable":true,"href":"https:\/\/haberbesiktas.tr\/index.php?rest_route=%2Fwp%2Fv2%2Fcategories&post=22403"},{"taxonomy":"post_tag","embeddable":true,"href":"https:\/\/haberbesiktas.tr\/index.php?rest_route=%2Fwp%2Fv2%2Ftags&post=22403"}],"curies":[{"name":"wp","href":"https:\/\/api.w.org\/{rel}","templated":true}]}}