{"id":22418,"date":"2025-04-22T10:36:08","date_gmt":"2025-04-22T10:36:08","guid":{"rendered":"https:\/\/haberbesiktas.tr\/?p=22418"},"modified":"2025-04-22T10:36:08","modified_gmt":"2025-04-22T10:36:08","slug":"semih-guler-kazanmadiginiz-zaman-bir-anlami-yok","status":"publish","type":"post","link":"https:\/\/haberbesiktas.tr\/?p=22418","title":{"rendered":"Semih G\u00fcler: &#8220;Kazanmad\u0131\u011f\u0131n\u0131z zaman bir anlam\u0131 yok&#8221;"},"content":{"rendered":"<div>Trendyol Muhte\u015fem Lig&#8217;in 25. haftas\u0131nda Trabzonspor, Gaziantep FK&#8217;yi 3-2&#8217;lik skorla ma\u011flup etti. Ma\u00e7\u0131n akabinde Gaziantep FK oyuncusu Semih G\u00fcler ma\u00e7\u0131n akabinde konu\u015ftu.<\/p>\n<p>Ma\u00e7 hakk\u0131nda konu\u015fan tecr\u00fcbeli stoper,\u00a0<span>&#8220;\u0130kinci yar\u0131 g\u00fczel oynad\u0131k lakin kazanamad\u0131\u011f\u0131n\u0131z vakit manas\u0131 olmuyor. \u0130kinci yar\u0131da tahminen 2-3 dakika daha olsayd\u0131 tahminen 3-3&#8217;\u00fc bulabilirdik. Gol\u00fcmden \u00f6t\u00fcr\u00fc memnunum. Kupada Fenerbah\u00e7e ile oynad\u0131ktan sonra i\u00e7eride kuvvetli bir Ey\u00fcpspor ma\u00e7\u0131m\u0131z var.&#8221; dedi.<\/span><\/div>\n<p><\/p>\n","protected":false},"excerpt":{"rendered":"<p>Trendyol Muhte\u015fem Lig&#8217;in 25. haftas\u0131nda Trabzonspor, Gaziantep FK&#8217;yi 3-2&#8217;lik skorla ma\u011flup etti. Ma\u00e7\u0131n akabinde Gaziantep FK oyuncusu Semih G\u00fcler a\u00e7\u0131klamalarda bulundu.<\/p>\n","protected":false},"author":1,"featured_media":22419,"comment_status":"open","ping_status":"open","sticky":false,"template":"","format":"standard","meta":{"footnotes":""},"categories":[25],"tags":[],"class_list":["post-22418","post","type-post","status-publish","format-standard","has-post-thumbnail","hentry","category-futbol"],"_links":{"self":[{"href":"https:\/\/haberbesiktas.tr\/index.php?rest_route=\/wp\/v2\/posts\/22418","targetHints":{"allow":["GET"]}}],"collection":[{"href":"https:\/\/haberbesiktas.tr\/index.php?rest_route=\/wp\/v2\/posts"}],"about":[{"href":"https:\/\/haberbesiktas.tr\/index.php?rest_route=\/wp\/v2\/types\/post"}],"author":[{"embeddable":true,"href":"https:\/\/haberbesiktas.tr\/index.php?rest_route=\/wp\/v2\/users\/1"}],"replies":[{"embeddable":true,"href":"https:\/\/haberbesiktas.tr\/index.php?rest_route=%2Fwp%2Fv2%2Fcomments&post=22418"}],"version-history":[{"count":1,"href":"https:\/\/haberbesiktas.tr\/index.php?rest_route=\/wp\/v2\/posts\/22418\/revisions"}],"predecessor-version":[{"id":22420,"href":"https:\/\/haberbesiktas.tr\/index.php?rest_route=\/wp\/v2\/posts\/22418\/revisions\/22420"}],"wp:featuredmedia":[{"embeddable":true,"href":"https:\/\/haberbesiktas.tr\/index.php?rest_route=\/wp\/v2\/media\/22419"}],"wp:attachment":[{"href":"https:\/\/haberbesiktas.tr\/index.php?rest_route=%2Fwp%2Fv2%2Fmedia&parent=22418"}],"wp:term":[{"taxonomy":"category","embeddable":true,"href":"https:\/\/haberbesiktas.tr\/index.php?rest_route=%2Fwp%2Fv2%2Fcategories&post=22418"},{"taxonomy":"post_tag","embeddable":true,"href":"https:\/\/haberbesiktas.tr\/index.php?rest_route=%2Fwp%2Fv2%2Ftags&post=22418"}],"curies":[{"name":"wp","href":"https:\/\/api.w.org\/{rel}","templated":true}]}}