{"id":22427,"date":"2025-04-22T11:12:05","date_gmt":"2025-04-22T11:12:05","guid":{"rendered":"https:\/\/haberbesiktas.tr\/?p=22427"},"modified":"2025-04-22T11:12:05","modified_gmt":"2025-04-22T11:12:05","slug":"selcuk-inan-butun-hafta-calistik-yine-olmadi","status":"publish","type":"post","link":"https:\/\/haberbesiktas.tr\/?p=22427","title":{"rendered":"Sel\u00e7uk \u0130nan: &#8220;B\u00fct\u00fcn hafta \u00e7al\u0131\u015ft\u0131k yine olmad\u0131&#8221;"},"content":{"rendered":"<div>Gaziantep FK Teknik Y\u00f6neticisi Sel\u00e7uk \u0130nan, 3-2 kaybettikleri Trabzonspor ma\u00e7\u0131n\u0131n akabinde a\u00e7\u0131klamalarda bulundu.<\/p>\n<p> Duran toplara \u00e7ok fazl \u00e7al\u0131\u015ft\u0131klar\u0131n\u0131 s\u00f6yleyen \u0130nan, <strong>&#8220;\u0130lk 15 dakika \u00e7ok g\u00fczel ba\u015flad\u0131k oyuna. Bir \u015feyi bazen \u00e7ok d\u00fc\u015f\u00fcnd\u00fc\u011f\u00fcn\u00fczde ba\u015f\u0131n\u0131za geliyor. Duran toplara hakikaten \u00e7ok \u00e7al\u0131\u015ft\u0131k b\u00fct\u00fcn hafta fakat ba\u015f\u0131m\u0131za geldi ve 2-0 geri d\u00fc\u015ft\u00fck.&#8221;<\/strong> dedi.<\/p>\n<p> Grubun tepkisinden \u015fad oldu\u011funu tabir eden gen\u00e7 teknik adam, <strong>&#8220;Oyuncular\u0131m\u0131z pes etmedi, 3 olmas\u0131na kar\u015f\u0131n ma\u00e7tan kopmad\u0131k. Beraberli\u011fi hatta galibiyeti yakalayacak konumlar\u0131 bulmak bizim i\u00e7in k\u0131ymetli. De\u011ferlendirememek al\u0131\u015f\u0131lm\u0131\u015f ki ba\u015fka bir bahis, orada da bir eksikli\u011fimiz var. Ekibin ma\u00e7\u0131 istemesi, b\u0131rakmamas\u0131 benim i\u00e7in pahal\u0131 olan taraft\u0131.&#8221;<\/strong> kelamlar\u0131n\u0131 sarf etti.<\/p>\n<\/div>\n<p><\/p>\n","protected":false},"excerpt":{"rendered":"<p>Gaziantep FK Teknik Y\u00f6neticisi Sel\u00e7uk \u0130nan, 3-2 kaybettikleri Trabzonspor ma\u00e7\u0131n\u0131n akabinde a\u00e7\u0131klamalarda bulundu.<\/p>\n","protected":false},"author":1,"featured_media":22428,"comment_status":"open","ping_status":"open","sticky":false,"template":"","format":"standard","meta":{"footnotes":""},"categories":[25],"tags":[],"class_list":["post-22427","post","type-post","status-publish","format-standard","has-post-thumbnail","hentry","category-futbol"],"_links":{"self":[{"href":"https:\/\/haberbesiktas.tr\/index.php?rest_route=\/wp\/v2\/posts\/22427","targetHints":{"allow":["GET"]}}],"collection":[{"href":"https:\/\/haberbesiktas.tr\/index.php?rest_route=\/wp\/v2\/posts"}],"about":[{"href":"https:\/\/haberbesiktas.tr\/index.php?rest_route=\/wp\/v2\/types\/post"}],"author":[{"embeddable":true,"href":"https:\/\/haberbesiktas.tr\/index.php?rest_route=\/wp\/v2\/users\/1"}],"replies":[{"embeddable":true,"href":"https:\/\/haberbesiktas.tr\/index.php?rest_route=%2Fwp%2Fv2%2Fcomments&post=22427"}],"version-history":[{"count":1,"href":"https:\/\/haberbesiktas.tr\/index.php?rest_route=\/wp\/v2\/posts\/22427\/revisions"}],"predecessor-version":[{"id":22429,"href":"https:\/\/haberbesiktas.tr\/index.php?rest_route=\/wp\/v2\/posts\/22427\/revisions\/22429"}],"wp:featuredmedia":[{"embeddable":true,"href":"https:\/\/haberbesiktas.tr\/index.php?rest_route=\/wp\/v2\/media\/22428"}],"wp:attachment":[{"href":"https:\/\/haberbesiktas.tr\/index.php?rest_route=%2Fwp%2Fv2%2Fmedia&parent=22427"}],"wp:term":[{"taxonomy":"category","embeddable":true,"href":"https:\/\/haberbesiktas.tr\/index.php?rest_route=%2Fwp%2Fv2%2Fcategories&post=22427"},{"taxonomy":"post_tag","embeddable":true,"href":"https:\/\/haberbesiktas.tr\/index.php?rest_route=%2Fwp%2Fv2%2Ftags&post=22427"}],"curies":[{"name":"wp","href":"https:\/\/api.w.org\/{rel}","templated":true}]}}