{"id":22430,"date":"2025-04-22T11:24:09","date_gmt":"2025-04-22T11:24:09","guid":{"rendered":"https:\/\/haberbesiktas.tr\/?p=22430"},"modified":"2025-04-22T11:24:09","modified_gmt":"2025-04-22T11:24:09","slug":"alexandru-maximden-fenerbahce-aciklamasi","status":"publish","type":"post","link":"https:\/\/haberbesiktas.tr\/?p=22430","title":{"rendered":"Alexandru Maxim&#8217;den Fenerbah\u00e7e a\u00e7\u0131klamas\u0131"},"content":{"rendered":"<div>Trendyol Harika Lig&#8217;in 25. haftas\u0131nda Gaziantep FK, konuk oldu\u011fu Trabzonspor&#8217;a 3-2 ma\u011flup oldu.<\/p>\n<p>Tak\u0131m\u0131n\u0131n penalt\u0131dan son gol\u00fcn\u00fc kaydeden Gaziantep FK&#8217;li Alexandru Maxim, \u00e7aban\u0131n akabinde a\u00e7\u0131klamalarda bulundu.\u00a0<\/p>\n<p> <strong>&#8220;G.SARAY MA\u00c7INDA DA BU T\u00dcRL\u00dc GOL YED\u0130K&#8221;<\/strong><\/p>\n<p> \u00c7abay\u0131 k\u0131ymetlendiren Maxim, <strong>&#8220;Duran toplardan kolay goller yiyoruz. Galatasaray ma\u00e7\u0131nda da bu t\u00fcrl\u00fc bir gol yemi\u015ftik. Bizim ismimize utan\u00e7 verici. Birinci yar\u0131da da konumlar\u0131m\u0131z vard\u0131 lakin ikinci yar\u0131 oyuncu domine ettik birtak\u0131m k\u0131s\u0131mlarda.&#8221;<\/strong> dedi.<\/p>\n<p> <strong>&#8220;FENERBAH\u00c7E MA\u00c7INA ODAKLANACA\u011eIZ&#8221;<\/strong><\/p>\n<p> T\u00fcrkiye Kupas\u0131&#8217;nda kar\u015f\u0131la\u015facaklar\u0131 Fenerbah\u00e7e ma\u00e7\u0131na odaklanacaklar\u0131n\u0131 s\u00f6yleyen Romanyal\u0131 futbolcu,<strong> &#8220;Bu ma\u00e7 bitti, kazanamad\u0131k. \u00d6n\u00fcm\u00fczdeki Fenerbah\u00e7e ma\u00e7\u0131na odaklanaca\u011f\u0131z. Bir halde geri d\u00f6n\u00fc\u015f yapmam\u0131z gerekiyor.&#8221;<\/strong> tabirlerini kulland\u0131.<\/p>\n<\/div>\n<p><\/p>\n","protected":false},"excerpt":{"rendered":"<p>Deplasmanda Trabzonspor&#8217;a 3-2 ma\u011flup olan Gaziantep FK&#8217;de grubunun son gol\u00fcn\u00fc atan Alexandru Maxim, ma\u00e7\u0131n akabinde a\u00e7\u0131klama yapt\u0131.<\/p>\n","protected":false},"author":1,"featured_media":22431,"comment_status":"open","ping_status":"open","sticky":false,"template":"","format":"standard","meta":{"footnotes":""},"categories":[25],"tags":[50],"class_list":["post-22430","post","type-post","status-publish","format-standard","has-post-thumbnail","hentry","category-futbol","tag-mac"],"_links":{"self":[{"href":"https:\/\/haberbesiktas.tr\/index.php?rest_route=\/wp\/v2\/posts\/22430","targetHints":{"allow":["GET"]}}],"collection":[{"href":"https:\/\/haberbesiktas.tr\/index.php?rest_route=\/wp\/v2\/posts"}],"about":[{"href":"https:\/\/haberbesiktas.tr\/index.php?rest_route=\/wp\/v2\/types\/post"}],"author":[{"embeddable":true,"href":"https:\/\/haberbesiktas.tr\/index.php?rest_route=\/wp\/v2\/users\/1"}],"replies":[{"embeddable":true,"href":"https:\/\/haberbesiktas.tr\/index.php?rest_route=%2Fwp%2Fv2%2Fcomments&post=22430"}],"version-history":[{"count":1,"href":"https:\/\/haberbesiktas.tr\/index.php?rest_route=\/wp\/v2\/posts\/22430\/revisions"}],"predecessor-version":[{"id":22432,"href":"https:\/\/haberbesiktas.tr\/index.php?rest_route=\/wp\/v2\/posts\/22430\/revisions\/22432"}],"wp:featuredmedia":[{"embeddable":true,"href":"https:\/\/haberbesiktas.tr\/index.php?rest_route=\/wp\/v2\/media\/22431"}],"wp:attachment":[{"href":"https:\/\/haberbesiktas.tr\/index.php?rest_route=%2Fwp%2Fv2%2Fmedia&parent=22430"}],"wp:term":[{"taxonomy":"category","embeddable":true,"href":"https:\/\/haberbesiktas.tr\/index.php?rest_route=%2Fwp%2Fv2%2Fcategories&post=22430"},{"taxonomy":"post_tag","embeddable":true,"href":"https:\/\/haberbesiktas.tr\/index.php?rest_route=%2Fwp%2Fv2%2Ftags&post=22430"}],"curies":[{"name":"wp","href":"https:\/\/api.w.org\/{rel}","templated":true}]}}