{"id":22436,"date":"2025-04-22T11:48:09","date_gmt":"2025-04-22T11:48:09","guid":{"rendered":"https:\/\/haberbesiktas.tr\/?p=22436"},"modified":"2025-04-22T11:48:09","modified_gmt":"2025-04-22T11:48:09","slug":"ancelottiden-arda-guler-aciklamasi-2","status":"publish","type":"post","link":"https:\/\/haberbesiktas.tr\/?p=22436","title":{"rendered":"Ancelotti&#8217;den Arda G\u00fcler a\u00e7\u0131klamas\u0131!"},"content":{"rendered":"<div>Real Madrid teknik y\u00f6neticisi Carlo Ancelotti, son \u00fc\u00e7 haftada misyon vermedi\u011fi ulusal futbolcu Arda G\u00fcler i\u00e7in &#8220;\u0130yi ve oynamaya haz\u0131r.&#8221; dedi.<\/p>\n<p> Ancelotti, La Liga&#8217;n\u0131n 25. haftas\u0131nda Santiago Bernabeu Stad\u0131&#8217;nda Girona&#8217;y\u0131 2-0 ma\u011flup ettikleri ma\u00e7\u0131n akabinde d\u00fczenlenen bas\u0131n toplant\u0131s\u0131nda konu\u015ftu.<\/p>\n<p><strong>&#8220;\u0130Y\u0130 VE OYNAMAYA HAZIR&#8221;<\/strong><\/p>\n<p> \u0130spanyol bir gazetecinin, son haftalarda forma baht\u0131 bulamayan ve Girona ma\u00e7\u0131nda \u0131s\u0131nmaya bile g\u00f6nderilmeyen Arda ile ilgili <strong>&#8220;T\u00fcrk futbolcu ne durumda, fizik\u00ee sorunu mu var, neden oynam\u0131yor?&#8221;<\/strong> halindeki sorusu \u00fczerine \u0130talyan teknik adam,<strong> &#8220;\u0130yi ve oynamaya haz\u0131r.&#8221;<\/strong> diyerek \u00e7ok k\u0131sa bir yan\u0131t vermeyi tercih etti.<\/p>\n<p><strong>605 DAK\u0130KA M\u00dcDDET ALDI<\/strong><\/p>\n<p> La Liga&#8217;da geride kalan 25 haftan\u0131n 16&#8217;s\u0131nda oynayan ve 6 ma\u00e7ta birinci 11&#8217;de \u00e7\u0131kan Arda G\u00fcler, Real Madrid&#8217;de toplamda 605 dakika m\u00fchlet ald\u0131.<\/p>\n<p> 25 \u015eubat&#8217;ta 20 ya\u015f\u0131na girecek olan Arda, Real Madrid&#8217;de bu d\u00f6nem oynanan t\u00fcm ma\u00e7larda en fazla m\u00fchlet alan futbolcular s\u0131ralamas\u0131nda 18. s\u0131rada yer al\u0131yor.<\/p>\n<p><strong>EN SON 5 \u015eUBAT&#8217;TA<\/strong><\/p>\n<p> Arda G\u00fcler, son olarak 5 \u015eubat&#8217;ta deplasmanda Leganes&#8217;e kar\u015f\u0131 oynad\u0131klar\u0131 ma\u00e7ta 76. dakikada oyuna girmi\u015fti.<\/p>\n<\/div>\n<p><\/p>\n","protected":false},"excerpt":{"rendered":"<p>Real Madrid teknik y\u00f6neticisi Carlo Ancelotti,  Girona galibiyeti sonras\u0131 son \u00fc\u00e7 haftada misyon vermedi\u011fi ulusal futbolcu Arda G\u00fcler i\u00e7in a\u00e7\u0131klama yapt\u0131.<\/p>\n","protected":false},"author":1,"featured_media":22437,"comment_status":"open","ping_status":"open","sticky":false,"template":"","format":"standard","meta":{"footnotes":""},"categories":[25],"tags":[864],"class_list":["post-22436","post","type-post","status-publish","format-standard","has-post-thumbnail","hentry","category-futbol","tag-arda"],"_links":{"self":[{"href":"https:\/\/haberbesiktas.tr\/index.php?rest_route=\/wp\/v2\/posts\/22436","targetHints":{"allow":["GET"]}}],"collection":[{"href":"https:\/\/haberbesiktas.tr\/index.php?rest_route=\/wp\/v2\/posts"}],"about":[{"href":"https:\/\/haberbesiktas.tr\/index.php?rest_route=\/wp\/v2\/types\/post"}],"author":[{"embeddable":true,"href":"https:\/\/haberbesiktas.tr\/index.php?rest_route=\/wp\/v2\/users\/1"}],"replies":[{"embeddable":true,"href":"https:\/\/haberbesiktas.tr\/index.php?rest_route=%2Fwp%2Fv2%2Fcomments&post=22436"}],"version-history":[{"count":1,"href":"https:\/\/haberbesiktas.tr\/index.php?rest_route=\/wp\/v2\/posts\/22436\/revisions"}],"predecessor-version":[{"id":22438,"href":"https:\/\/haberbesiktas.tr\/index.php?rest_route=\/wp\/v2\/posts\/22436\/revisions\/22438"}],"wp:featuredmedia":[{"embeddable":true,"href":"https:\/\/haberbesiktas.tr\/index.php?rest_route=\/wp\/v2\/media\/22437"}],"wp:attachment":[{"href":"https:\/\/haberbesiktas.tr\/index.php?rest_route=%2Fwp%2Fv2%2Fmedia&parent=22436"}],"wp:term":[{"taxonomy":"category","embeddable":true,"href":"https:\/\/haberbesiktas.tr\/index.php?rest_route=%2Fwp%2Fv2%2Fcategories&post=22436"},{"taxonomy":"post_tag","embeddable":true,"href":"https:\/\/haberbesiktas.tr\/index.php?rest_route=%2Fwp%2Fv2%2Ftags&post=22436"}],"curies":[{"name":"wp","href":"https:\/\/api.w.org\/{rel}","templated":true}]}}