{"id":2246,"date":"2025-01-09T16:54:43","date_gmt":"2025-01-09T16:54:43","guid":{"rendered":"https:\/\/haberbesiktas.tr\/?p=2246"},"modified":"2025-01-09T16:54:43","modified_gmt":"2025-01-09T16:54:43","slug":"rennesten-galatasaraya-gouiri-yaniti","status":"publish","type":"post","link":"https:\/\/haberbesiktas.tr\/?p=2246","title":{"rendered":"Rennes&#8217;ten Galatasaray&#8217;a Gouiri yan\u0131t\u0131"},"content":{"rendered":"<div>Galatasaray&#8217;da transfer \u00e7al\u0131\u015fmalar\u0131 t\u00fcm s\u00fcratiyle devam ediyor.<\/p>\n<p> Atak \u00e7izgisine destek yapmak isteyen Galatasaray, Amine Gouiri i\u00e7in Rennes ile temasa ge\u00e7ti. Le Parisien&#8217;de yer alan habere nazaran, sar\u0131-k\u0131rm\u0131z\u0131l\u0131lar, 24 ya\u015f\u0131ndaki futbolcunun ko\u015fullar\u0131n\u0131 \u00f6\u011frenmek i\u00e7in Rennes ile temas kurdu.<\/p>\n<p><strong>GALATASARAY&#8217;A RET YANITI<\/strong><\/p>\n<p> Amine Gouiri&#8217;yi orta transfer devrinde kaybetmek istemeyen Rennes, Galatasaray&#8217;\u0131 geri \u00e7evirdi.<\/p>\n<p> Galatasaray&#8217;\u0131n yaln\u0131zca Rennes ile temas kurdu\u011fu, Gouiri ile bir temas kurmad\u0131\u011f\u0131 lakin oyuncunun da Frans\u0131z grubundan ayr\u0131lma fikri olmad\u0131\u011f\u0131 belirtildi.<\/p>\n<p> <strong>BU D\u00d6NEM PERFORMANSI<\/strong><\/p>\n<p> As\u0131l mevkisi santrfor olan Amine Gouiri, sol kanat ve forvet ard\u0131nda da vazife alabiliyor.<\/p>\n<p> Rennes formas\u0131 alt\u0131nda bu d\u00f6nem 16 ma\u00e7ta m\u00fchlet bulan 24 ya\u015f\u0131ndaki Gouiri, 2 gol att\u0131 ve 1 asist yapt\u0131.<\/p>\n<p> <strong>S\u00d6ZLE\u015eMES\u0130, P\u0130YASA DE\u011eER\u0130<\/strong><\/p>\n<p> Rennes, Amine Gouiri&#8217;yi 2022 yaz transfer devrinde Nice&#8217;ten 28 milyon euro bonservis bedeliyle tak\u0131m\u0131na katm\u0131\u015ft\u0131. Yeni piyasa bedeli 20 milyon euro olarak g\u00f6sterilen Amine Gouiri&#8217;nin Rennes ile mukavelesi 2027 y\u0131l\u0131na kadar devam ediyor.<\/p>\n<p> \u00a0<\/p>\n<\/div>\n","protected":false},"excerpt":{"rendered":"<p>Galatasaray, Amine Gouiri i\u00e7in Rennes ile temasa ge\u00e7ti. Rennes, sar\u0131-k\u0131rm\u0131z\u0131l\u0131lar\u0131 geri \u00e7evirdi.<\/p>\n","protected":false},"author":1,"featured_media":2247,"comment_status":"open","ping_status":"open","sticky":false,"template":"","format":"standard","meta":{"footnotes":""},"categories":[25],"tags":[265,264],"class_list":["post-2246","post","type-post","status-publish","format-standard","has-post-thumbnail","hentry","category-futbol","tag-amine-gouiri","tag-rennes"],"_links":{"self":[{"href":"https:\/\/haberbesiktas.tr\/index.php?rest_route=\/wp\/v2\/posts\/2246","targetHints":{"allow":["GET"]}}],"collection":[{"href":"https:\/\/haberbesiktas.tr\/index.php?rest_route=\/wp\/v2\/posts"}],"about":[{"href":"https:\/\/haberbesiktas.tr\/index.php?rest_route=\/wp\/v2\/types\/post"}],"author":[{"embeddable":true,"href":"https:\/\/haberbesiktas.tr\/index.php?rest_route=\/wp\/v2\/users\/1"}],"replies":[{"embeddable":true,"href":"https:\/\/haberbesiktas.tr\/index.php?rest_route=%2Fwp%2Fv2%2Fcomments&post=2246"}],"version-history":[{"count":1,"href":"https:\/\/haberbesiktas.tr\/index.php?rest_route=\/wp\/v2\/posts\/2246\/revisions"}],"predecessor-version":[{"id":2248,"href":"https:\/\/haberbesiktas.tr\/index.php?rest_route=\/wp\/v2\/posts\/2246\/revisions\/2248"}],"wp:featuredmedia":[{"embeddable":true,"href":"https:\/\/haberbesiktas.tr\/index.php?rest_route=\/wp\/v2\/media\/2247"}],"wp:attachment":[{"href":"https:\/\/haberbesiktas.tr\/index.php?rest_route=%2Fwp%2Fv2%2Fmedia&parent=2246"}],"wp:term":[{"taxonomy":"category","embeddable":true,"href":"https:\/\/haberbesiktas.tr\/index.php?rest_route=%2Fwp%2Fv2%2Fcategories&post=2246"},{"taxonomy":"post_tag","embeddable":true,"href":"https:\/\/haberbesiktas.tr\/index.php?rest_route=%2Fwp%2Fv2%2Ftags&post=2246"}],"curies":[{"name":"wp","href":"https:\/\/api.w.org\/{rel}","templated":true}]}}