{"id":22469,"date":"2025-04-22T14:00:06","date_gmt":"2025-04-22T14:00:06","guid":{"rendered":"https:\/\/haberbesiktas.tr\/?p=22469"},"modified":"2025-04-22T14:00:06","modified_gmt":"2025-04-22T14:00:06","slug":"turkiye-karate-sampiyonasi-sona-erdi","status":"publish","type":"post","link":"https:\/\/haberbesiktas.tr\/?p=22469","title":{"rendered":"T\u00fcrkiye Karate \u015eampiyonas\u0131 sona erdi"},"content":{"rendered":"<div> Trabzon&#8217;da d\u00fczenlenen T\u00fcrkiye Karate \u015eampiyonas\u0131, sona erdi.<\/p>\n<p> Be\u015firli \u00c7ok Maksatl\u0131 Spor Salonu&#8217;nda ger\u00e7ekle\u015ftirilen \u015fampiyonada dereceye giren atletlere m\u00fckafatlar\u0131 verildi.<\/p>\n<p> T\u00fcrkiye Karate Federasyonu Ba\u015fkan\u0131 Erc\u00fcment Ta\u015fdemir, yapt\u0131\u011f\u0131 a\u00e7\u0131klamada, atletlerin \u015fampiyonada para karate, i\u015fitme engelliler ve b\u00fcy\u00fckler kategorisinde \u00fc\u00e7 g\u00fcn u\u011fra\u015f etti\u011fini s\u00f6yledi.<\/p>\n<p> Ta\u015fdemir, \u015fampiyonaya 44 vilayetten atletlerin kat\u0131ld\u0131\u011f\u0131n\u0131 lisana getirerek, tertipte dereceye girenlerin ulusal ekibe se\u00e7ilece\u011fini belirtti.<\/p>\n<p> Trabzon&#8217;da ilerleyen g\u00fcnlerde milletleraras\u0131 bir turnuva organize etmeyi planlad\u0131klar\u0131n\u0131 aktaran Ta\u015fdemir, \u015fampiyonan\u0131n d\u00fczenlenmesinde eme\u011fi ge\u00e7enlere te\u015fekk\u00fcr etti.<\/p>\n<p> T\u00fcrkiye \u0130\u015fitme Engelliler Spor Federasyonu Ba\u015fkan\u0131 Dursun G\u00f6zel ise \u015fampiyonaya 70 atletle i\u015ftirak sa\u011flad\u0131klar\u0131n\u0131 belirtti. G\u00f6zel, Erc\u00fcment Ta\u015fdemir ile ulusal ekip s\u00fcre\u00e7leri konusunda isti\u015farede bulunduklar\u0131n\u0131 anlatt\u0131.<\/p>\n<p> B\u00fcy\u00fckler kumite 55 kiloda birinci olan Buse K\u0131l\u0131\u00e7 da emeklerinin kar\u015f\u0131l\u0131\u011f\u0131n\u0131 ald\u0131\u011f\u0131n\u0131, Avrupa&#8217;da da derece yapmak istedi\u011fini s\u00f6z etti.<\/p>\n<p> Katada bayanlar grupta Damla Su T\u00fcremen, Zehra Kaya, Elif Karabo\u011fa, ve Damla Pelit; erkekler ekipte da Ali Sofuo\u011flu, Emre Vefa G\u00f6kta\u015f ve Enes \u00d6zdemir \u015fampiyonlu\u011fa ula\u015ft\u0131.<\/p>\n<p> Katada bayanlarda Dilara Bozan, erkeklerde de Ali Sofuo\u011flu k\u00fcrs\u00fcn\u00fcn birinci basama\u011f\u0131na \u00e7\u0131kt\u0131.<\/p>\n<p> Kumitede bayanlar 50 kiloda G\u00fclsen Demirt\u00fcrk, 55 kiloda Buse K\u0131l\u0131\u00e7, 61 kiloda Fatma Naz Yenen, 68 kiloda Eda Eltemur, +68 kiloda Zeyna Gaballa alt\u0131n madalya kazand\u0131.<\/p>\n<p> Kumite erkeklerde ise 60 kiloda Eray \u015eamdan, 67 kiloda Samet Saylam, 75 kiloda \u00d6mer Faruk Y\u00fcr\u00fcr, 84 kiloda Eren Akkurt, +84 kiloda Kadir Furkan Gen\u00e7 birinci oldu.<\/p>\n<div>\u00a0<\/div>\n<\/p><\/div>\n<div>\u00a0<\/div>\n","protected":false},"excerpt":{"rendered":"<p>Trabzon&#8217;da d\u00fczenlenen T\u00fcrkiye Karate \u015eampiyonas\u0131, tamamland\u0131.<\/p>\n","protected":false},"author":1,"featured_media":22470,"comment_status":"open","ping_status":"open","sticky":false,"template":"","format":"standard","meta":{"footnotes":""},"categories":[27],"tags":[65],"class_list":["post-22469","post","type-post","status-publish","format-standard","has-post-thumbnail","hentry","category-guncel-haberler","tag-spor"],"_links":{"self":[{"href":"https:\/\/haberbesiktas.tr\/index.php?rest_route=\/wp\/v2\/posts\/22469","targetHints":{"allow":["GET"]}}],"collection":[{"href":"https:\/\/haberbesiktas.tr\/index.php?rest_route=\/wp\/v2\/posts"}],"about":[{"href":"https:\/\/haberbesiktas.tr\/index.php?rest_route=\/wp\/v2\/types\/post"}],"author":[{"embeddable":true,"href":"https:\/\/haberbesiktas.tr\/index.php?rest_route=\/wp\/v2\/users\/1"}],"replies":[{"embeddable":true,"href":"https:\/\/haberbesiktas.tr\/index.php?rest_route=%2Fwp%2Fv2%2Fcomments&post=22469"}],"version-history":[{"count":1,"href":"https:\/\/haberbesiktas.tr\/index.php?rest_route=\/wp\/v2\/posts\/22469\/revisions"}],"predecessor-version":[{"id":22471,"href":"https:\/\/haberbesiktas.tr\/index.php?rest_route=\/wp\/v2\/posts\/22469\/revisions\/22471"}],"wp:featuredmedia":[{"embeddable":true,"href":"https:\/\/haberbesiktas.tr\/index.php?rest_route=\/wp\/v2\/media\/22470"}],"wp:attachment":[{"href":"https:\/\/haberbesiktas.tr\/index.php?rest_route=%2Fwp%2Fv2%2Fmedia&parent=22469"}],"wp:term":[{"taxonomy":"category","embeddable":true,"href":"https:\/\/haberbesiktas.tr\/index.php?rest_route=%2Fwp%2Fv2%2Fcategories&post=22469"},{"taxonomy":"post_tag","embeddable":true,"href":"https:\/\/haberbesiktas.tr\/index.php?rest_route=%2Fwp%2Fv2%2Ftags&post=22469"}],"curies":[{"name":"wp","href":"https:\/\/api.w.org\/{rel}","templated":true}]}}