{"id":22478,"date":"2025-04-22T14:36:11","date_gmt":"2025-04-22T14:36:11","guid":{"rendered":"https:\/\/haberbesiktas.tr\/?p=22478"},"modified":"2025-04-22T14:36:11","modified_gmt":"2025-04-22T14:36:11","slug":"serie-ada-empoli-tribunleri-israile-kirmizi-kart-gosterdi","status":"publish","type":"post","link":"https:\/\/haberbesiktas.tr\/?p=22478","title":{"rendered":"Serie A&#8217;da Empoli trib\u00fcnleri, \u0130srail&#8217;e k\u0131rm\u0131z\u0131 kart g\u00f6sterdi"},"content":{"rendered":"<div>\n<div> \u0130talya 1. Futbol Ligi&#8217;nin (Serie A) 26. haftas\u0131nda Atalanta&#8217;y\u0131 konuk eden Empoli&#8217;de taraftarlar, soyk\u0131r\u0131mc\u0131 \u0130srail&#8217;e k\u0131rm\u0131z\u0131 kart g\u00f6sterdi.<\/p>\n<p> Carlo Castellani Stad\u0131&#8217;nda konuk tak\u0131m\u0131n 5-0 \u00fcst\u00fcnl\u00fc\u011f\u00fcyle sona eren ma\u00e7ta Empolili taraftarlar, trib\u00fcnlerde Filistin bayra\u011f\u0131 a\u00e7arak ellerinde tuttuklar\u0131 k\u0131rm\u0131z\u0131 kartonlarla soyk\u0131r\u0131mc\u0131 \u0130srail&#8217;e k\u0131rm\u0131z\u0131 kart g\u00f6stererek yans\u0131lar\u0131n\u0131 ortaya koydu.<\/p>\n<p> Taraftarlar, \u0130srail soyk\u0131r\u0131m\u0131na k\u0131rm\u0131z\u0131 kart g\u00f6sterirken trib\u00fcnlerin bir k\u0131sm\u0131 adeta k\u0131rm\u0131z\u0131ya b\u00fcr\u00fcnd\u00fc. Taraftarlar, trib\u00fcnlerde att\u0131klar\u0131 sloganlarla \u0130srail&#8217;in milletleraras\u0131 futbol tertiplerden men edilmesi davetinde bulundu.<\/p>\n<p> UEFA ve FIFA&#8217;ya davette bulunan taraftarlar, \u00fczerinde &#8220;Show Israel The Red Card (\u0130srail&#8217;e K\u0131rm\u0131z\u0131 Kart G\u00f6ster)&#8221; s\u00f6z\u00fcn\u00fcn bulundu\u011fu pankart a\u00e7t\u0131.<\/p>\n<p> Katil \u0130srail&#8217;in Gazze \u015eeridi&#8217;ne 7 Ekim 2023&#8217;ten ate\u015fkesin sa\u011fland\u0131\u011f\u0131 19 Ocak&#8217;a kadar devam eden taarruzlar\u0131nda hayat\u0131n\u0131 yitiren Filistinlilerin say\u0131s\u0131 48 bin 329&#8217;a, yaral\u0131lar\u0131n say\u0131s\u0131n\u0131n ise 111 bin 753&#8217;e y\u00fckseldi.<\/p>\n<p> <strong>D\u00fcnya futbolunda taraftarlardan &#8220;\u0130srail&#8217;e k\u0131rm\u0131z\u0131 kart g\u00f6ster&#8221; \u00e7a\u011fr\u0131s\u0131<\/strong><\/p>\n<p> D\u00fcnya genelinde 30&#8217;dan fazla \u00fclkede Filistin&#8217;e takviye i\u00e7in protesto \u015fovlar\u0131 d\u00fczenlemesi i\u00e7in \u00e7al\u0131\u015fma yapt\u0131\u011f\u0131n\u0131 duyuran Celtic&#8217;in &#8220;Ye\u015fil Tugay&#8221; (Green Brigade) taraftar k\u00fcmesi, \u0130sko\u00e7ya ile birlikte \u0130spanya&#8217;dan \u015eili&#8217;ye, T\u00fcrkiye&#8217;den \u0130talya&#8217;ya Endonezya&#8217;dan Bel\u00e7ika&#8217;ya bir\u00e7ok \u00fclkede yap\u0131lan ma\u00e7larda trib\u00fcnlerden farkl\u0131 lisan, \u0131rk ve dine mensup taraftar\u0131 bir ortaya getirerek &#8220;Show Israel The Red Card (\u0130srail&#8217;e K\u0131rm\u0131z\u0131 Kart G\u00f6ster)&#8221; pankartlar\u0131 a\u00e7\u0131lmas\u0131n\u0131 sa\u011flad\u0131.<\/p>\n<p> <strong>FIFA ve UEFA&#8217;dan ikili standart<\/strong><\/p>\n<p> Gazze&#8217;de 7 Ekim 2023&#8217;ten bu yana \u00e7ocuk, bayan, ya\u015fl\u0131 demeden 48 bini a\u015fk\u0131n Filistinli&#8217;yi katleden \u0130srail, ate\u015fkese kadar ge\u00e7en 15 ayda spor tertiplerinde uzunluk g\u00f6stermeyi s\u00fcrd\u00fcrd\u00fc.<\/p>\n<p> Sporda milletleraras\u0131 \u00e7at\u0131 kurulu\u015flar\u0131, 1 y\u0131l\u0131 a\u015fk\u0131n m\u00fcddettir devam eden soyk\u0131r\u0131ma kar\u015f\u0131n \u0130srail gruplar\u0131na ve atletlerine yapt\u0131r\u0131m uygulamak bir yana, k\u0131nama bildirisi dahi yay\u0131mlamad\u0131. \u0130srailli atletler, Filistin topraklar\u0131nda sportmenler \u00f6ld\u00fcr\u00fcl\u00fcrken, milletleraras\u0131 turnuvalarda \u00e7abaya devam etti.<\/p>\n<p> \u0130srail&#8217;in i\u015fledi\u011fi insanl\u0131k c\u00fcrm\u00fcn\u00fc g\u00f6rmezden gelen sporun \u00e7at\u0131 kurulu\u015flar\u0131n, 2022 y\u0131l\u0131nda Ukrayna&#8217;y\u0131 i\u015fgal eden Rusya i\u00e7in ald\u0131\u011f\u0131 kararlar ise dikkati \u00e7ekmi\u015fti.<\/p>\n<p> UEFA, Rusya&#8217;n\u0131n Ukrayna i\u015fgalinin daha ikinci g\u00fcn\u00fcnde, &#8220;Uluslararas\u0131 toplumda, Avrupa&#8217;n\u0131n g\u00fcvenli\u011fi konusunda tasalar bulunmaktad\u0131r. Ukrayna&#8217;da devam eden Rus askeri sald\u0131r\u0131s\u0131n\u0131 \u015fiddetle k\u0131n\u0131yoruz. UEFA, olimpik ruha uygun, bar\u0131\u015f ve insan haklar\u0131na h\u00fcrmet \u00fczere Avrupa&#8217;n\u0131n ortak bedelleri \u00e7er\u00e7evesinde futbolu geli\u015ftirmek i\u00e7in \u00e7al\u0131\u015fmaktad\u0131r.&#8221; tabirlerinin yer ald\u0131\u011f\u0131 bildiri yay\u0131mlam\u0131\u015ft\u0131. T\u0131pk\u0131 g\u00fcn toplanan FIFA, Rusya&#8217;da milletleraras\u0131 futbol ma\u00e7lar\u0131n\u0131n oynanmayaca\u011f\u0131n\u0131, m\u00fcsabakalarda Rusya bayra\u011f\u0131 ve mar\u015f\u0131n\u0131n kullan\u0131lmayaca\u011f\u0131n\u0131 a\u00e7\u0131klam\u0131\u015ft\u0131. \u00c7at\u0131\u015fmalar\u0131n ba\u015flad\u0131\u011f\u0131 d\u00f6rd\u00fcnc\u00fc g\u00fcnde ise FIFA ve UEFA, Rus kul\u00fcpleri ile ulusal ekiplerinin tertiplerine i\u015ftirakini ask\u0131ya alm\u0131\u015ft\u0131.<\/p>\n<p> Rus gruplar\u0131, o g\u00fcnden bu yana milletleraras\u0131 alanda kar\u015f\u0131la\u015fmalara kat\u0131lam\u0131yor.<\/p>\n<p> UEFA ve FIFA, Rusya&#8217;ya kar\u015f\u0131 bu tavr\u0131na ra\u011fmen, \u0130srail konusunda tabir yerindeyse &#8220;\u00fc\u00e7 maymun&#8221;u oynad\u0131. O denli ki FIFA, may\u0131s ay\u0131nda kendilerine ba\u015fvuran ve \u0130srail&#8217;in turnuvalardan men edilmesini isteyen Filistin Futbol Federasyonuna olumlu ya da olumsuz bir kar\u015f\u0131l\u0131k dahi veremedi.<\/p><\/div>\n<\/div>\n<p><\/p>\n","protected":false},"excerpt":{"rendered":"<p>\u0130talya 1. Futbol Ligi&#8217;nin (Serie A) 26. haftas\u0131nda Atalanta&#8217;y\u0131 konuk eden Empoli&#8217;de taraftarlar, soyk\u0131r\u0131mc\u0131 \u0130srail&#8217;e k\u0131rm\u0131z\u0131 kart g\u00f6sterdi.<\/p>\n","protected":false},"author":1,"featured_media":22479,"comment_status":"open","ping_status":"open","sticky":false,"template":"","format":"standard","meta":{"footnotes":""},"categories":[25],"tags":[2157,1721,65,806,1393],"class_list":["post-22478","post","type-post","status-publish","format-standard","has-post-thumbnail","hentry","category-futbol","tag-fifa","tag-israil","tag-spor","tag-uefa","tag-uluslararasi"],"_links":{"self":[{"href":"https:\/\/haberbesiktas.tr\/index.php?rest_route=\/wp\/v2\/posts\/22478","targetHints":{"allow":["GET"]}}],"collection":[{"href":"https:\/\/haberbesiktas.tr\/index.php?rest_route=\/wp\/v2\/posts"}],"about":[{"href":"https:\/\/haberbesiktas.tr\/index.php?rest_route=\/wp\/v2\/types\/post"}],"author":[{"embeddable":true,"href":"https:\/\/haberbesiktas.tr\/index.php?rest_route=\/wp\/v2\/users\/1"}],"replies":[{"embeddable":true,"href":"https:\/\/haberbesiktas.tr\/index.php?rest_route=%2Fwp%2Fv2%2Fcomments&post=22478"}],"version-history":[{"count":1,"href":"https:\/\/haberbesiktas.tr\/index.php?rest_route=\/wp\/v2\/posts\/22478\/revisions"}],"predecessor-version":[{"id":22480,"href":"https:\/\/haberbesiktas.tr\/index.php?rest_route=\/wp\/v2\/posts\/22478\/revisions\/22480"}],"wp:featuredmedia":[{"embeddable":true,"href":"https:\/\/haberbesiktas.tr\/index.php?rest_route=\/wp\/v2\/media\/22479"}],"wp:attachment":[{"href":"https:\/\/haberbesiktas.tr\/index.php?rest_route=%2Fwp%2Fv2%2Fmedia&parent=22478"}],"wp:term":[{"taxonomy":"category","embeddable":true,"href":"https:\/\/haberbesiktas.tr\/index.php?rest_route=%2Fwp%2Fv2%2Fcategories&post=22478"},{"taxonomy":"post_tag","embeddable":true,"href":"https:\/\/haberbesiktas.tr\/index.php?rest_route=%2Fwp%2Fv2%2Ftags&post=22478"}],"curies":[{"name":"wp","href":"https:\/\/api.w.org\/{rel}","templated":true}]}}