{"id":22481,"date":"2025-04-22T14:48:06","date_gmt":"2025-04-22T14:48:06","guid":{"rendered":"https:\/\/haberbesiktas.tr\/?p=22481"},"modified":"2025-04-22T14:48:06","modified_gmt":"2025-04-22T14:48:06","slug":"hoffenheim-stuttgart-macinda-kazanan-yok","status":"publish","type":"post","link":"https:\/\/haberbesiktas.tr\/?p=22481","title":{"rendered":"Hoffenheim-Stuttgart ma\u00e7\u0131nda kazanan yok!"},"content":{"rendered":"<div>Bundesliga&#8217;n\u0131n 23. haftas\u0131nda Hoffenheim ile Stuttgart kar\u015f\u0131 kar\u015f\u0131ya geldi.<\/p>\n<p> PreZero Arena&#8217;da oynanan gayrette Hoffenheim ile Stuttgart 1-1 berabere kald\u0131.<\/p>\n<p> Konuk tak\u0131m\u0131n gol\u00fc 9. dakikada Nick Woltemade&#8217;den gelirken Hoffenheim&#8217;\u0131n gol\u00fcn\u00fc 74. dakikada Gift Orban kaydetti.<\/p>\n<p> <strong>ATAKAN KARAZOR 82 DAK\u0130KA ALANDA KALDI<\/strong><\/p>\n<p> Stuttgart&#8217;ta T\u00fcrk oyuncu Atakan Karazor, birinci 11 ba\u015flad\u0131\u011f\u0131 ma\u00e7ta 82. dakika alanda kald\u0131.<\/p>\n<p> Bu sonu\u00e7la birlikte Stuttgart ligdeki son 5 ma\u00e7\u0131ndaki 4. puan kayb\u0131n\u0131 ya\u015fad\u0131 ve 36 puanla 7. s\u0131rada kald\u0131. Hoffenheim ise, 22 puanla 14. s\u0131rada bulunuyor.<\/p>\n<\/div>\n<p><\/p>\n","protected":false},"excerpt":{"rendered":"<p>Bundesliga&#8217;n\u0131n 23. haftas\u0131nda Hoffenheim ile Stuttgart 1-1 berabere kald\u0131.<\/p>\n","protected":false},"author":1,"featured_media":22482,"comment_status":"open","ping_status":"open","sticky":false,"template":"","format":"standard","meta":{"footnotes":""},"categories":[25],"tags":[],"class_list":["post-22481","post","type-post","status-publish","format-standard","has-post-thumbnail","hentry","category-futbol"],"_links":{"self":[{"href":"https:\/\/haberbesiktas.tr\/index.php?rest_route=\/wp\/v2\/posts\/22481","targetHints":{"allow":["GET"]}}],"collection":[{"href":"https:\/\/haberbesiktas.tr\/index.php?rest_route=\/wp\/v2\/posts"}],"about":[{"href":"https:\/\/haberbesiktas.tr\/index.php?rest_route=\/wp\/v2\/types\/post"}],"author":[{"embeddable":true,"href":"https:\/\/haberbesiktas.tr\/index.php?rest_route=\/wp\/v2\/users\/1"}],"replies":[{"embeddable":true,"href":"https:\/\/haberbesiktas.tr\/index.php?rest_route=%2Fwp%2Fv2%2Fcomments&post=22481"}],"version-history":[{"count":1,"href":"https:\/\/haberbesiktas.tr\/index.php?rest_route=\/wp\/v2\/posts\/22481\/revisions"}],"predecessor-version":[{"id":22483,"href":"https:\/\/haberbesiktas.tr\/index.php?rest_route=\/wp\/v2\/posts\/22481\/revisions\/22483"}],"wp:featuredmedia":[{"embeddable":true,"href":"https:\/\/haberbesiktas.tr\/index.php?rest_route=\/wp\/v2\/media\/22482"}],"wp:attachment":[{"href":"https:\/\/haberbesiktas.tr\/index.php?rest_route=%2Fwp%2Fv2%2Fmedia&parent=22481"}],"wp:term":[{"taxonomy":"category","embeddable":true,"href":"https:\/\/haberbesiktas.tr\/index.php?rest_route=%2Fwp%2Fv2%2Fcategories&post=22481"},{"taxonomy":"post_tag","embeddable":true,"href":"https:\/\/haberbesiktas.tr\/index.php?rest_route=%2Fwp%2Fv2%2Ftags&post=22481"}],"curies":[{"name":"wp","href":"https:\/\/api.w.org\/{rel}","templated":true}]}}