{"id":22507,"date":"2025-04-22T16:24:08","date_gmt":"2025-04-22T16:24:08","guid":{"rendered":"https:\/\/haberbesiktas.tr\/?p=22507"},"modified":"2025-04-22T16:24:08","modified_gmt":"2025-04-22T16:24:08","slug":"real-sociedad-evinde-rahat-galip","status":"publish","type":"post","link":"https:\/\/haberbesiktas.tr\/?p=22507","title":{"rendered":"Real Sociedad, evinde rahat galip!"},"content":{"rendered":"<div>\u0130spanya La Liga&#8217;n\u0131n 25. haftas\u0131nda Real Sociedad, Leganes&#8217;i konuk etti.\u00a0<\/p>\n<p>Reale Arena&#8217;da oynanan ma\u00e7\u0131 mesken sahibi 3-0 kazand\u0131.\u00a0<\/p>\n<p>Real Sociedad&#8217;a galibiyeti getiren golleri 12. dakikada <strong>Arsen Zakharyan,<\/strong>\u00a048. dakikada <strong>Takefusa Kubo<\/strong>\u00a0ve 80. dakikada\u00a0<strong>Jon Ander Olasagasti<\/strong> kaydetti.<\/p>\n<p>Bu sonu\u00e7la birlikte 34 puana y\u00fckselen Real Sociedad, 8. s\u0131raya yerle\u015fti. 24 puanda kalan Leganes ise 16. s\u0131rada konumland\u0131.\u00a0<\/p>\n<p>La Liga&#8217;da bir sonraki hafta Real Sociedad, Barcelona&#8217;ya konuk olacak. Leganes ise Getafe&#8217;yi a\u011f\u0131rlayacak.<\/p>\n<p> \u00a0<\/p>\n<p> \u00a0<\/p>\n<p> \u00a0<\/p>\n<p> \u00a0<\/p>\n<\/div>\n<p><\/p>\n","protected":false},"excerpt":{"rendered":"<p>\u0130spanya La Liga&#8217;n\u0131n 25. haftas\u0131nda Real Sociedad, konuk etti\u011fi Leganes&#8217;i 3-0 ma\u011flup etti.<\/p>\n","protected":false},"author":1,"featured_media":22508,"comment_status":"open","ping_status":"open","sticky":false,"template":"","format":"standard","meta":{"footnotes":""},"categories":[25],"tags":[700],"class_list":["post-22507","post","type-post","status-publish","format-standard","has-post-thumbnail","hentry","category-futbol","tag-real"],"_links":{"self":[{"href":"https:\/\/haberbesiktas.tr\/index.php?rest_route=\/wp\/v2\/posts\/22507","targetHints":{"allow":["GET"]}}],"collection":[{"href":"https:\/\/haberbesiktas.tr\/index.php?rest_route=\/wp\/v2\/posts"}],"about":[{"href":"https:\/\/haberbesiktas.tr\/index.php?rest_route=\/wp\/v2\/types\/post"}],"author":[{"embeddable":true,"href":"https:\/\/haberbesiktas.tr\/index.php?rest_route=\/wp\/v2\/users\/1"}],"replies":[{"embeddable":true,"href":"https:\/\/haberbesiktas.tr\/index.php?rest_route=%2Fwp%2Fv2%2Fcomments&post=22507"}],"version-history":[{"count":1,"href":"https:\/\/haberbesiktas.tr\/index.php?rest_route=\/wp\/v2\/posts\/22507\/revisions"}],"predecessor-version":[{"id":22509,"href":"https:\/\/haberbesiktas.tr\/index.php?rest_route=\/wp\/v2\/posts\/22507\/revisions\/22509"}],"wp:featuredmedia":[{"embeddable":true,"href":"https:\/\/haberbesiktas.tr\/index.php?rest_route=\/wp\/v2\/media\/22508"}],"wp:attachment":[{"href":"https:\/\/haberbesiktas.tr\/index.php?rest_route=%2Fwp%2Fv2%2Fmedia&parent=22507"}],"wp:term":[{"taxonomy":"category","embeddable":true,"href":"https:\/\/haberbesiktas.tr\/index.php?rest_route=%2Fwp%2Fv2%2Fcategories&post=22507"},{"taxonomy":"post_tag","embeddable":true,"href":"https:\/\/haberbesiktas.tr\/index.php?rest_route=%2Fwp%2Fv2%2Ftags&post=22507"}],"curies":[{"name":"wp","href":"https:\/\/api.w.org\/{rel}","templated":true}]}}