{"id":22513,"date":"2025-04-22T16:48:08","date_gmt":"2025-04-22T16:48:08","guid":{"rendered":"https:\/\/haberbesiktas.tr\/?p=22513"},"modified":"2025-04-22T16:48:08","modified_gmt":"2025-04-22T16:48:08","slug":"okan-buruk-prime-ihtiyacimiz-yok","status":"publish","type":"post","link":"https:\/\/haberbesiktas.tr\/?p=22513","title":{"rendered":"Okan Buruk: &#8220;Prime ihtiyac\u0131m\u0131z yok&#8221;"},"content":{"rendered":"<div>Galatasaray, S\u00fcper Lig&#8217;de alan\u0131nda Fenerbah\u00e7e ile oynayaca\u011f\u0131 ma\u00e7a odakland\u0131.<\/p>\n<p> Sar\u0131-k\u0131rm\u0131z\u0131l\u0131larda teknik y\u00f6netici Okan Buruk, derbi \u00f6ncesi lider Dursun \u00d6zbek ile y\u00f6neticilerle konu\u015ftu.<\/p>\n<p> Okan Buruk, bu g\u00f6r\u00fc\u015fmede,<strong> &#8220;Kazanmak i\u00e7in \u00e7ok motiveyiz. Oyuncular\u0131m son derece istekli ve motive. B\u00fct\u00fcn planlar\u0131m\u0131z\u0131 kazanmak \u00fczerine yapt\u0131k.<\/strong>&#8221; dedi.<\/p>\n<p> Derbi \u00f6ncesi g\u00fcndeme gelen ekstra prim i\u00e7in de konu\u015fan ba\u015far\u0131l\u0131 teknik adam, &#8220;<strong>Derbinin de\u011ferinin fark\u0131nday\u0131z. Bunun i\u00e7in ekstra prime de gereksinimimiz yok.<\/strong>&#8221; diye konu\u015ftu.<\/p>\n<p> Derbi \u00f6ncesi son idman\u0131 takip eden lider Dursun \u00d6zbek ise, <strong>&#8220;Size g\u00fcveniyoruz ve kazanaca\u011f\u0131n\u0131zdan ku\u015fkumuz yok. Biz \u00fczerimize d\u00fc\u015feni yapar\u0131z.&#8221;<\/strong> cevab\u0131n\u0131 verdi.<\/p>\n<\/div>\n<p><\/p>\n","protected":false},"excerpt":{"rendered":"<p>Galatasaray Teknik Y\u00f6neticisi Okan Buruk, derbi \u00f6ncesi lider Dursun \u00d6zbek ile yapt\u0131\u011f\u0131 g\u00f6r\u00fc\u015fmede Fenerbah\u00e7e ma\u00e7\u0131 i\u00e7in, &#8220;Prime muhta\u00e7l\u0131\u011f\u0131m\u0131z yok&#8221; dedi.<\/p>\n","protected":false},"author":1,"featured_media":22514,"comment_status":"open","ping_status":"open","sticky":false,"template":"","format":"standard","meta":{"footnotes":""},"categories":[25],"tags":[],"class_list":["post-22513","post","type-post","status-publish","format-standard","has-post-thumbnail","hentry","category-futbol"],"_links":{"self":[{"href":"https:\/\/haberbesiktas.tr\/index.php?rest_route=\/wp\/v2\/posts\/22513","targetHints":{"allow":["GET"]}}],"collection":[{"href":"https:\/\/haberbesiktas.tr\/index.php?rest_route=\/wp\/v2\/posts"}],"about":[{"href":"https:\/\/haberbesiktas.tr\/index.php?rest_route=\/wp\/v2\/types\/post"}],"author":[{"embeddable":true,"href":"https:\/\/haberbesiktas.tr\/index.php?rest_route=\/wp\/v2\/users\/1"}],"replies":[{"embeddable":true,"href":"https:\/\/haberbesiktas.tr\/index.php?rest_route=%2Fwp%2Fv2%2Fcomments&post=22513"}],"version-history":[{"count":1,"href":"https:\/\/haberbesiktas.tr\/index.php?rest_route=\/wp\/v2\/posts\/22513\/revisions"}],"predecessor-version":[{"id":22515,"href":"https:\/\/haberbesiktas.tr\/index.php?rest_route=\/wp\/v2\/posts\/22513\/revisions\/22515"}],"wp:featuredmedia":[{"embeddable":true,"href":"https:\/\/haberbesiktas.tr\/index.php?rest_route=\/wp\/v2\/media\/22514"}],"wp:attachment":[{"href":"https:\/\/haberbesiktas.tr\/index.php?rest_route=%2Fwp%2Fv2%2Fmedia&parent=22513"}],"wp:term":[{"taxonomy":"category","embeddable":true,"href":"https:\/\/haberbesiktas.tr\/index.php?rest_route=%2Fwp%2Fv2%2Fcategories&post=22513"},{"taxonomy":"post_tag","embeddable":true,"href":"https:\/\/haberbesiktas.tr\/index.php?rest_route=%2Fwp%2Fv2%2Ftags&post=22513"}],"curies":[{"name":"wp","href":"https:\/\/api.w.org\/{rel}","templated":true}]}}