{"id":22516,"date":"2025-04-22T17:00:10","date_gmt":"2025-04-22T17:00:10","guid":{"rendered":"https:\/\/haberbesiktas.tr\/?p=22516"},"modified":"2025-04-22T17:00:10","modified_gmt":"2025-04-22T17:00:10","slug":"besiktas-franculino-dju-icin-israrci","status":"publish","type":"post","link":"https:\/\/haberbesiktas.tr\/?p=22516","title":{"rendered":"Be\u015fikta\u015f Franculino Dju i\u00e7in \u0131srarc\u0131!"},"content":{"rendered":"<div>\n<p>Yaz transfer periyodunda yapaca\u011f\u0131 desteklerle kadroyu g\u00fc\u00e7lendirmeyi planlayan idare, teknik y\u00f6netici Solskjaer&#8217;in raporu do\u011frultusunda kollar\u0131 s\u0131vad\u0131.<\/p>\n<p> Hamle \u00e7izgisini g\u00fc\u00e7lendirmek isteyen Be\u015fikta\u015f, Midtjylland formas\u0131 giyen 20 ya\u015f\u0131ndaki santrfor Franculino Dju&#8217;yu transfer etmek istiyor.<\/p>\n<p><strong>SORUNU DJU \u0130LE \u00c7\u00d6ZMEK \u0130ST\u0130YOR<\/strong><\/p>\n<p> Y\u0131ll\u0131k 6 milyon euro kazanan ve formunda b\u00fcy\u00fck bir d\u00fc\u015f\u00fc\u015f ya\u015fanan Ciro \u0130mmobile ile yollar\u0131n\u0131 ay\u0131rmak isteyen idare, 20 ya\u015f\u0131ndaki Franculino Dju ile golc\u00fc problemini \u00e7\u00f6zmek istiyor.<\/p>\n<p><strong>AVRUPA&#8217;DA B\u0130R\u00c7OK KUL\u00dcB\u00dcN \u0130LG\u0130S\u0130N\u0130 \u00c7EKT\u0130<\/strong><\/p>\n<p> Hem Midtjylland&#8217;da hem Gine Ulusal Kadrosu&#8217;nda g\u00f6sterdi\u011fi performansla Avrupa&#8217;n\u0131n bir\u00e7ok kul\u00fcb\u00fcn\u00fcn ilgisini \u00e7eken Dju, mesle\u011finde t\u00fcm kulvarlarda 42 gol att\u0131.<\/p>\n<p><strong>\u00c7ALI\u015eMALARA BA\u015eLANDI<\/strong><\/p>\n<p> Be\u015fikta\u015f, bu rekabette avantaj sa\u011flamak i\u00e7in oyuncunun transferini \u00f6n\u00fcm\u00fczdeki yaz periyodunda ger\u00e7ekle\u015ftirmek i\u00e7in \u015fimdiden \u00e7al\u0131\u015fmalar\u0131na ba\u015flad\u0131.<\/p>\n<p> <strong>PERFORMANSI<\/strong><\/p>\n<p> Akt\u00fcel piyasa k\u0131ymeti 10 milyon euro olan gen\u00e7 futbolcu bu d\u00f6nem Midtjylland formas\u0131 ile 26 ma\u00e7ta 10 gol, 5 asistlik performans sergiledi.\u00a0<\/p>\n<\/div>\n<p><\/p>\n","protected":false},"excerpt":{"rendered":"<p>Danimarka tak\u0131m\u0131 Midtjylland&#8217;\u0131n golc\u00fcs\u00fc Franculino Dju i\u00e7in yapt\u0131\u011f\u0131 teklifi reddedilen Be\u015fikta\u015f, yaz transfer devrinde gen\u00e7 y\u0131ld\u0131z i\u00e7in bir sefer daha te\u015febb\u00fcste bulunacak.<\/p>\n","protected":false},"author":1,"featured_media":22517,"comment_status":"open","ping_status":"open","sticky":false,"template":"","format":"standard","meta":{"footnotes":""},"categories":[25],"tags":[],"class_list":["post-22516","post","type-post","status-publish","format-standard","has-post-thumbnail","hentry","category-futbol"],"_links":{"self":[{"href":"https:\/\/haberbesiktas.tr\/index.php?rest_route=\/wp\/v2\/posts\/22516","targetHints":{"allow":["GET"]}}],"collection":[{"href":"https:\/\/haberbesiktas.tr\/index.php?rest_route=\/wp\/v2\/posts"}],"about":[{"href":"https:\/\/haberbesiktas.tr\/index.php?rest_route=\/wp\/v2\/types\/post"}],"author":[{"embeddable":true,"href":"https:\/\/haberbesiktas.tr\/index.php?rest_route=\/wp\/v2\/users\/1"}],"replies":[{"embeddable":true,"href":"https:\/\/haberbesiktas.tr\/index.php?rest_route=%2Fwp%2Fv2%2Fcomments&post=22516"}],"version-history":[{"count":1,"href":"https:\/\/haberbesiktas.tr\/index.php?rest_route=\/wp\/v2\/posts\/22516\/revisions"}],"predecessor-version":[{"id":22518,"href":"https:\/\/haberbesiktas.tr\/index.php?rest_route=\/wp\/v2\/posts\/22516\/revisions\/22518"}],"wp:featuredmedia":[{"embeddable":true,"href":"https:\/\/haberbesiktas.tr\/index.php?rest_route=\/wp\/v2\/media\/22517"}],"wp:attachment":[{"href":"https:\/\/haberbesiktas.tr\/index.php?rest_route=%2Fwp%2Fv2%2Fmedia&parent=22516"}],"wp:term":[{"taxonomy":"category","embeddable":true,"href":"https:\/\/haberbesiktas.tr\/index.php?rest_route=%2Fwp%2Fv2%2Fcategories&post=22516"},{"taxonomy":"post_tag","embeddable":true,"href":"https:\/\/haberbesiktas.tr\/index.php?rest_route=%2Fwp%2Fv2%2Ftags&post=22516"}],"curies":[{"name":"wp","href":"https:\/\/api.w.org\/{rel}","templated":true}]}}