{"id":22519,"date":"2025-04-22T17:12:09","date_gmt":"2025-04-22T17:12:09","guid":{"rendered":"https:\/\/haberbesiktas.tr\/?p=22519"},"modified":"2025-04-22T17:12:09","modified_gmt":"2025-04-22T17:12:09","slug":"fenerbahcenin-en-buyuk-kozu-en-nesyri","status":"publish","type":"post","link":"https:\/\/haberbesiktas.tr\/?p=22519","title":{"rendered":"Fenerbah\u00e7e&#8217;nin en b\u00fcy\u00fck kozu: En-Nesyri"},"content":{"rendered":"<div>Fenerbahe\u00e7e&#8217;nin d\u00f6nem ba\u015f\u0131nda rekor bir bonservis bedeli \u00f6deyerek tak\u0131m\u0131na katt\u0131\u011f\u0131 Youssef En-Nesyri, son haftalarda grubun en formda ismi&#8230;<\/p>\n<p> D\u00f6nemin birinci gol\u00fcn\u00fc 2. haftada G\u00f6ztepe&#8217;ye atan Fasl\u0131 oyuncu, \u00e7oklukla yedek ba\u015flad\u0131\u011f\u0131 sonraki 6 ma\u00e7ta sessiz kald\u0131.<\/p>\n<p> Bodrum FK kar\u015f\u0131la\u015fmas\u0131yla birlikte yine 11&#8217;de yer alan 27 ya\u015f\u0131ndaki futbolcu, 13. haftada Kayserispor&#8217;a kar\u015f\u0131 kaydetti\u011fi golle y\u00fckseli\u015fe ge\u00e7ti.<\/p>\n<p> Youssef En-Nesyri, bu d\u00f6nem 36 ma\u00e7 resmi ma\u00e7ta vazife al\u0131rken, Trendyol S\u00fcper Lig, UEFA Avrupa Ligi ve Ziraat T\u00fcrkiye Kupas\u0131&#8217;nda toplam 24 gole imza att\u0131.<\/p>\n<p> Ligde 14&#8217;\u00fc 11&#8217;de olmak \u00fczere 22 ma\u00e7ta misyon yapan 27 ya\u015f\u0131ndaki futbolcu, 15 gol, 3 asistlik performans ortaya koyarken, ligde son 8 haftan\u0131n 7&#8217;sinde ise gol sevinci ya\u015fad\u0131 ve bu s\u00fcre\u00e7te 12 gol kaydetti.<\/p>\n<p> Fasl\u0131 futbolcu, Galatasaray derbisinde Fenerbah\u00e7e&#8217;nin bug\u00fcn en b\u00fcy\u00fck kozu olacak.<\/p>\n<p> <strong>DERB\u0130DE G\u00d6ZLER ONDA<\/strong><\/p>\n<p> Derbide g\u00f6zler son haftalar\u0131n formda ismi Youssef En- Nesyri de olacak. Son 8 haftada 12 kere a\u011flar\u0131 sarsan Fasl\u0131 y\u0131ld\u0131z, Fenerbah\u00e7e&#8217;nin Galatasaray kar\u015f\u0131s\u0131ndaki en b\u00fcy\u00fck kozu.<\/p>\n<p> <strong>24<\/strong><\/p>\n<p> En-Nesyri, bu d\u00f6nem t\u00fc kulvarlarda 24 gol att\u0131 ve en golc\u00fc d\u00f6nemini egale etti. Derbide gol atarsa meslek rekoru k\u0131racak.<\/p>\n<p><img decoding=\"async\" src=\"https:\/\/haberbesiktas.tr\/wp-content\/uploads\/2025\/04\/fenerbahcenin-en-buyuk-kozu-en-nesyri-0-9T1yS6bP.jpg\"\/>\u00a0<\/p>\n<\/div>\n<p><\/p>\n","protected":false},"excerpt":{"rendered":"<p>Fasl\u0131 golc\u00fc Youssef En-Nesyri, Galatasaray derbisinde Fenerbah\u00e7e&#8217;nin bug\u00fcn en b\u00fcy\u00fck kozu olacak.<\/p>\n","protected":false},"author":1,"featured_media":22520,"comment_status":"open","ping_status":"open","sticky":false,"template":"","format":"standard","meta":{"footnotes":""},"categories":[25],"tags":[77,57],"class_list":["post-22519","post","type-post","status-publish","format-standard","has-post-thumbnail","hentry","category-futbol","tag-gol","tag-sezon"],"_links":{"self":[{"href":"https:\/\/haberbesiktas.tr\/index.php?rest_route=\/wp\/v2\/posts\/22519","targetHints":{"allow":["GET"]}}],"collection":[{"href":"https:\/\/haberbesiktas.tr\/index.php?rest_route=\/wp\/v2\/posts"}],"about":[{"href":"https:\/\/haberbesiktas.tr\/index.php?rest_route=\/wp\/v2\/types\/post"}],"author":[{"embeddable":true,"href":"https:\/\/haberbesiktas.tr\/index.php?rest_route=\/wp\/v2\/users\/1"}],"replies":[{"embeddable":true,"href":"https:\/\/haberbesiktas.tr\/index.php?rest_route=%2Fwp%2Fv2%2Fcomments&post=22519"}],"version-history":[{"count":1,"href":"https:\/\/haberbesiktas.tr\/index.php?rest_route=\/wp\/v2\/posts\/22519\/revisions"}],"predecessor-version":[{"id":22522,"href":"https:\/\/haberbesiktas.tr\/index.php?rest_route=\/wp\/v2\/posts\/22519\/revisions\/22522"}],"wp:featuredmedia":[{"embeddable":true,"href":"https:\/\/haberbesiktas.tr\/index.php?rest_route=\/wp\/v2\/media\/22520"}],"wp:attachment":[{"href":"https:\/\/haberbesiktas.tr\/index.php?rest_route=%2Fwp%2Fv2%2Fmedia&parent=22519"}],"wp:term":[{"taxonomy":"category","embeddable":true,"href":"https:\/\/haberbesiktas.tr\/index.php?rest_route=%2Fwp%2Fv2%2Fcategories&post=22519"},{"taxonomy":"post_tag","embeddable":true,"href":"https:\/\/haberbesiktas.tr\/index.php?rest_route=%2Fwp%2Fv2%2Ftags&post=22519"}],"curies":[{"name":"wp","href":"https:\/\/api.w.org\/{rel}","templated":true}]}}