{"id":22523,"date":"2025-04-22T17:24:07","date_gmt":"2025-04-22T17:24:07","guid":{"rendered":"https:\/\/haberbesiktas.tr\/?p=22523"},"modified":"2025-04-22T17:24:07","modified_gmt":"2025-04-22T17:24:07","slug":"besiktastan-immobileye-uyari","status":"publish","type":"post","link":"https:\/\/haberbesiktas.tr\/?p=22523","title":{"rendered":"Be\u015fikta\u015f&#8217;tan Immobile&#8217;ye uyar\u0131!"},"content":{"rendered":"<div>\n<p>Be\u015fikta\u015f&#8217;ta idare d\u00f6nem sonunda Ciro Immobile ile yollar\u0131n\u0131 ay\u0131rmay\u0131 planl\u0131yor.\u00a0<\/p>\n<p> 2026 y\u0131l\u0131na kadar mukavelesi olan \u0130talyan y\u0131ld\u0131z, 16 ma\u00e7ta 4 gole katk\u0131 verdi.<\/p>\n<p> 35 ya\u015f\u0131ndaki futbolcu ikinci devrede oynanan Samsun; Antalya, Sivas ve Trabzon m\u00fcsabakalar\u0131nda a\u011flar\u0131 sarsamad\u0131. Berbat performas\u0131n\u0131 s\u00fcrd\u00fcren tecr\u00fcbeli forvet, bu seriye son S\u00fcper Lig ma\u00e7\u0131nda da devam etti.\u00a0<\/p>\n<p><strong>TARAFTARI SIKINTIDAN \u00c7IKARDI<\/strong><\/p>\n<p> Ey\u00fcspor kar\u015f\u0131s\u0131nda gol yollar\u0131nda etkisiz kalan Immobile, ka\u00e7\u0131rd\u0131\u011f\u0131 f\u0131rsatlarla taraftar\u0131 adeta zahmetten \u00e7\u0131kard\u0131.<\/p>\n<p> 5 ma\u00e7t\u0131r sessiz olan deneyimli forvet, evvel 16. dakikada Berke ile kar\u015f\u0131 kar\u015f\u0131ya kald\u0131\u011f\u0131 durumda topu aya\u011f\u0131ndan fazla a\u00e7arak de\u011ferli bir f\u0131rsat\u0131 harcad\u0131. Sonra da 27. dakikada Svensson&#8217;un adeta &#8220;al da at&#8221; dedi\u011fi pas\u0131nda bo\u015f kaleye topu auta g\u00f6nderdi.<\/p>\n<p><strong>IMMOBILE&#8217;YE \u0130HTARDA BULUNULACAK\u00a0<\/strong><\/p>\n<p> Takvim&#8217;de yer alan habere nazaran son gol\u00fcn\u00fc 20. haftada T\u00fcpra\u015f Stad\u0131&#8217;nda oynanan ve 2-1 kazan\u0131lan Bodrum ma\u00e7\u0131nda kaydeden Immobile&#8217;ye evvel ikazda bulunacak olan idare \u0130talyan y\u0131ld\u0131z\u0131n berbat performans\u0131n\u0131 devam ettirmesi halinde yollar\u0131 ay\u0131rma plan\u0131 g\u00fcndeme gelecek. Bunun i\u00e7in \u0130mmobile ile masaya oturulup g\u00f6nderilmesi i\u00e7in muahede yeri aranacak.<\/p>\n<\/div>\n<p><\/p>\n","protected":false},"excerpt":{"rendered":"<p>Be\u015fikta\u015f&#8217;ta son vakitlerde sergiledi\u011fi performansla tenkit oklar\u0131n\u0131 \u00fczerine \u00e7eken \u0130talyan y\u0131ld\u0131z Ciro Immobile ile ilgili s\u0131cak geli\u015fmeler ya\u015fan\u0131yor. \u0130\u015fte ayr\u0131nt\u0131lar&#8230;<\/p>\n","protected":false},"author":1,"featured_media":22524,"comment_status":"open","ping_status":"open","sticky":false,"template":"","format":"standard","meta":{"footnotes":""},"categories":[25],"tags":[],"class_list":["post-22523","post","type-post","status-publish","format-standard","has-post-thumbnail","hentry","category-futbol"],"_links":{"self":[{"href":"https:\/\/haberbesiktas.tr\/index.php?rest_route=\/wp\/v2\/posts\/22523","targetHints":{"allow":["GET"]}}],"collection":[{"href":"https:\/\/haberbesiktas.tr\/index.php?rest_route=\/wp\/v2\/posts"}],"about":[{"href":"https:\/\/haberbesiktas.tr\/index.php?rest_route=\/wp\/v2\/types\/post"}],"author":[{"embeddable":true,"href":"https:\/\/haberbesiktas.tr\/index.php?rest_route=\/wp\/v2\/users\/1"}],"replies":[{"embeddable":true,"href":"https:\/\/haberbesiktas.tr\/index.php?rest_route=%2Fwp%2Fv2%2Fcomments&post=22523"}],"version-history":[{"count":1,"href":"https:\/\/haberbesiktas.tr\/index.php?rest_route=\/wp\/v2\/posts\/22523\/revisions"}],"predecessor-version":[{"id":22525,"href":"https:\/\/haberbesiktas.tr\/index.php?rest_route=\/wp\/v2\/posts\/22523\/revisions\/22525"}],"wp:featuredmedia":[{"embeddable":true,"href":"https:\/\/haberbesiktas.tr\/index.php?rest_route=\/wp\/v2\/media\/22524"}],"wp:attachment":[{"href":"https:\/\/haberbesiktas.tr\/index.php?rest_route=%2Fwp%2Fv2%2Fmedia&parent=22523"}],"wp:term":[{"taxonomy":"category","embeddable":true,"href":"https:\/\/haberbesiktas.tr\/index.php?rest_route=%2Fwp%2Fv2%2Fcategories&post=22523"},{"taxonomy":"post_tag","embeddable":true,"href":"https:\/\/haberbesiktas.tr\/index.php?rest_route=%2Fwp%2Fv2%2Ftags&post=22523"}],"curies":[{"name":"wp","href":"https:\/\/api.w.org\/{rel}","templated":true}]}}