{"id":22682,"date":"2025-04-23T03:48:07","date_gmt":"2025-04-23T03:48:07","guid":{"rendered":"https:\/\/haberbesiktas.tr\/?p=22682"},"modified":"2025-04-23T03:48:07","modified_gmt":"2025-04-23T03:48:07","slug":"izmir-buyuksehir-belediyespor-avrupada-tarihe-gecti","status":"publish","type":"post","link":"https:\/\/haberbesiktas.tr\/?p=22682","title":{"rendered":"\u0130zmir B\u00fcy\u00fck\u015fehir Belediyespor Avrupa&#8217;da tarihe ge\u00e7ti"},"content":{"rendered":"<p>Sutopunda Bayanlar LEN Challenger Cup&#8217;\u0131n \u0130stanbul&#8217;da organize edilen d\u00f6rtl\u00fc finallerinde finalde Galatasaray Zena&#8217;y\u0131 9-8 ma\u011flup ederek \u015fampiyon olan \u0130zmir B\u00fcy\u00fck\u015fehir Belediyespor, \u00fcst \u00fcste iki zaferle tarihe ge\u00e7ti.<\/p>\n<p> Avrupa Y\u00fczme Ligi (LEN) taraf\u0131ndan birinci defa ge\u00e7en d\u00f6nem d\u00fczenlenmeye ba\u015flayan Bayanlar Challenger Cup&#8217;\u0131n birinci \u015fampiyonu olan \u0130zmir grubu kupalar\u0131 \u00e7iftledi.<\/p>\n<p> Son \u015fampiyon ve nama\u011flup olarak kat\u0131ld\u0131\u011f\u0131 turnuvan\u0131n yar\u0131 finalinde H\u0131rvat temsilcisi Mladost&#8217;u 14-8 ile ge\u00e7en \u0130zmir B\u015eB, \u0130stanbul Cemal Kamac\u0131 Spor Kompleksi&#8217;nde oynanan finalde de sar\u0131-k\u0131rm\u0131z\u0131l\u0131lara \u00fcst\u00fcnl\u00fck sa\u011flarken, kupan\u0131n ikinci d\u00f6neminde da \u015fampiyonu oldu. Tertibe \u00e7\u0131kt\u0131\u011f\u0131 t\u00fcm ma\u00e7lar\u0131 kazanan \u0130zmir B\u00fcy\u00fck\u015fehir Belediyespor bu zaferle Avrupa&#8217;da yenilmezlik serisini de 14 ma\u00e7a \u00e7\u0131kard\u0131.<\/p>\n","protected":false},"excerpt":{"rendered":"<p>Sutopunda Bayanlar LEN Challenger Cup&#8217;\u0131n \u0130stanbul&#8217;da organize edilen d\u00f6rtl\u00fc finallerinde finalde Galatasaray Zena&#8217;y\u0131 9-8 ma\u011flup ederek \u015fampiyon olan \u0130zmir B\u00fcy\u00fck\u015fehir Belediyespor, \u00fcst \u00fcste iki zaferle tarihe ge\u00e7ti.<\/p>\n","protected":false},"author":1,"featured_media":22683,"comment_status":"open","ping_status":"open","sticky":false,"template":"","format":"standard","meta":{"footnotes":""},"categories":[27],"tags":[],"class_list":["post-22682","post","type-post","status-publish","format-standard","has-post-thumbnail","hentry","category-guncel-haberler"],"_links":{"self":[{"href":"https:\/\/haberbesiktas.tr\/index.php?rest_route=\/wp\/v2\/posts\/22682","targetHints":{"allow":["GET"]}}],"collection":[{"href":"https:\/\/haberbesiktas.tr\/index.php?rest_route=\/wp\/v2\/posts"}],"about":[{"href":"https:\/\/haberbesiktas.tr\/index.php?rest_route=\/wp\/v2\/types\/post"}],"author":[{"embeddable":true,"href":"https:\/\/haberbesiktas.tr\/index.php?rest_route=\/wp\/v2\/users\/1"}],"replies":[{"embeddable":true,"href":"https:\/\/haberbesiktas.tr\/index.php?rest_route=%2Fwp%2Fv2%2Fcomments&post=22682"}],"version-history":[{"count":1,"href":"https:\/\/haberbesiktas.tr\/index.php?rest_route=\/wp\/v2\/posts\/22682\/revisions"}],"predecessor-version":[{"id":22684,"href":"https:\/\/haberbesiktas.tr\/index.php?rest_route=\/wp\/v2\/posts\/22682\/revisions\/22684"}],"wp:featuredmedia":[{"embeddable":true,"href":"https:\/\/haberbesiktas.tr\/index.php?rest_route=\/wp\/v2\/media\/22683"}],"wp:attachment":[{"href":"https:\/\/haberbesiktas.tr\/index.php?rest_route=%2Fwp%2Fv2%2Fmedia&parent=22682"}],"wp:term":[{"taxonomy":"category","embeddable":true,"href":"https:\/\/haberbesiktas.tr\/index.php?rest_route=%2Fwp%2Fv2%2Fcategories&post=22682"},{"taxonomy":"post_tag","embeddable":true,"href":"https:\/\/haberbesiktas.tr\/index.php?rest_route=%2Fwp%2Fv2%2Ftags&post=22682"}],"curies":[{"name":"wp","href":"https:\/\/api.w.org\/{rel}","templated":true}]}}