{"id":22745,"date":"2025-04-23T07:48:08","date_gmt":"2025-04-23T07:48:08","guid":{"rendered":"https:\/\/haberbesiktas.tr\/?p=22745"},"modified":"2025-04-23T07:48:08","modified_gmt":"2025-04-23T07:48:08","slug":"felipe-melo-bugun-savas-var","status":"publish","type":"post","link":"https:\/\/haberbesiktas.tr\/?p=22745","title":{"rendered":"Felipe Melo: &#8220;Bug\u00fcn sava\u015f var!&#8221;"},"content":{"rendered":"<div>Galatasaray&#8217;\u0131n eski y\u0131ld\u0131z\u0131 Felipe Melo, Fenerbah\u00e7e derbisi \u00f6ncesi bir payla\u015f\u0131mda bulundu.<\/p>\n<p> Brezilyal\u0131 eski y\u0131ld\u0131z, Galatasaray formas\u0131 giydi ve payla\u015f\u0131m\u0131nda, <strong>&#8220;Bug\u00fcn sava\u015f var. Z\u0131rh\u0131n\u0131 giydin mi?&#8221;<\/strong> tabirlerini yazd\u0131.<\/p>\n<p> Galatasarayl\u0131 taraftarlar, Felipe Melo&#8217;nun bu payla\u015f\u0131m\u0131na b\u00fcy\u00fck ilgi g\u00f6sterdi.<\/p>\n<p><img decoding=\"async\" src=\"https:\/\/haberbesiktas.tr\/wp-content\/uploads\/2025\/04\/felipe-melo-bugun-savas-var-0-JVvE2cff.jpg\"\/><\/p>\n<\/div>\n<p><\/p>\n","protected":false},"excerpt":{"rendered":"<p>Galatasaray&#8217;\u0131n eski y\u0131ld\u0131z\u0131 Felipe Melo, Fenerbah\u00e7e derbisi \u00f6ncesi Galatasaray formas\u0131 giydi ve, &#8220;Bug\u00fcn sava\u015f var. Z\u0131rh\u0131n\u0131 giydin mi?&#8221; formunda bir payla\u015f\u0131mda bulundu.<\/p>\n","protected":false},"author":1,"featured_media":22746,"comment_status":"open","ping_status":"open","sticky":false,"template":"","format":"standard","meta":{"footnotes":""},"categories":[25],"tags":[],"class_list":["post-22745","post","type-post","status-publish","format-standard","has-post-thumbnail","hentry","category-futbol"],"_links":{"self":[{"href":"https:\/\/haberbesiktas.tr\/index.php?rest_route=\/wp\/v2\/posts\/22745","targetHints":{"allow":["GET"]}}],"collection":[{"href":"https:\/\/haberbesiktas.tr\/index.php?rest_route=\/wp\/v2\/posts"}],"about":[{"href":"https:\/\/haberbesiktas.tr\/index.php?rest_route=\/wp\/v2\/types\/post"}],"author":[{"embeddable":true,"href":"https:\/\/haberbesiktas.tr\/index.php?rest_route=\/wp\/v2\/users\/1"}],"replies":[{"embeddable":true,"href":"https:\/\/haberbesiktas.tr\/index.php?rest_route=%2Fwp%2Fv2%2Fcomments&post=22745"}],"version-history":[{"count":1,"href":"https:\/\/haberbesiktas.tr\/index.php?rest_route=\/wp\/v2\/posts\/22745\/revisions"}],"predecessor-version":[{"id":22748,"href":"https:\/\/haberbesiktas.tr\/index.php?rest_route=\/wp\/v2\/posts\/22745\/revisions\/22748"}],"wp:featuredmedia":[{"embeddable":true,"href":"https:\/\/haberbesiktas.tr\/index.php?rest_route=\/wp\/v2\/media\/22746"}],"wp:attachment":[{"href":"https:\/\/haberbesiktas.tr\/index.php?rest_route=%2Fwp%2Fv2%2Fmedia&parent=22745"}],"wp:term":[{"taxonomy":"category","embeddable":true,"href":"https:\/\/haberbesiktas.tr\/index.php?rest_route=%2Fwp%2Fv2%2Fcategories&post=22745"},{"taxonomy":"post_tag","embeddable":true,"href":"https:\/\/haberbesiktas.tr\/index.php?rest_route=%2Fwp%2Fv2%2Ftags&post=22745"}],"curies":[{"name":"wp","href":"https:\/\/api.w.org\/{rel}","templated":true}]}}