{"id":22749,"date":"2025-04-23T08:00:07","date_gmt":"2025-04-23T08:00:07","guid":{"rendered":"https:\/\/haberbesiktas.tr\/?p=22749"},"modified":"2025-04-23T08:00:07","modified_gmt":"2025-04-23T08:00:07","slug":"zenitin-alt-yapi-takimlari-altinordu-tesislerinde-kampta","status":"publish","type":"post","link":"https:\/\/haberbesiktas.tr\/?p=22749","title":{"rendered":"Zenit&#8217;in alt yap\u0131 tak\u0131mlar\u0131, Alt\u0131nordu tesislerinde kampta"},"content":{"rendered":"<div>\n<p>Rusya&#8217;n\u0131n Zenit Kul\u00fcb\u00fcn\u00fcn alt yap\u0131 oyuncular\u0131n\u0131n Nesine 2. Lig Beyaz K\u00fcme gruplar\u0131ndan Alt\u0131nordu&#8217;nun tesislerinde kamp yapt\u0131\u011f\u0131 bildirildi.<\/p>\n<p> Alt\u0131nordu&#8217;dan yap\u0131lan a\u00e7\u0131klamaya nazaran Zenit Kul\u00fcb\u00fcnden 66 atlet, teknik tak\u0131mdan 22 antren\u00f6rle 13 \u015eubat&#8217;ta Torbal\u0131 Metin Oktay Yerle\u015fkesi&#8217;nde kampa girdi.<\/p>\n<p> Akademi kadrosu, kamp kapsam\u0131nda G\u00f6ztepe, 15 ile 16 ya\u015f alt\u0131 ve Altay&#8217;\u0131n 19 ya\u015f alt\u0131 ekipleriyle \u00f6zel ma\u00e7 yapt\u0131.<\/p>\n<p> A\u00e7\u0131klamada g\u00f6r\u00fc\u015flerine yer verilen Zenit Academy Spor Y\u00f6neticisi Sergei Belogolovtsev, Metin Oktay Yerle\u015fkesinde futbolcular\u0131n geli\u015fimi i\u00e7in her t\u00fcrl\u00fc imkan\u0131n bulundu\u011funu belirterek &#8220;T\u00fcm imkanlar var. Hem do\u011fal hem yapay yerlere sahip donan\u0131ml\u0131 idman alanlar\u0131, \u00e7ok say\u0131da spor salonu ve s\u0131hhat odalar\u0131 var. \u00c7ok g\u00fczel imkanlar\u0131n\u0131z.&#8221; diye konu\u015ftu.\u00a0<\/p>\n<p> Zenit 15 Ya\u015f Alt\u0131 Kadrosu Antren\u00f6r\u00fc Maxim Kovalenko da tesisten \u00f6vg\u00fcyle bahsetti.\u00a0<\/p>\n<p> Almanya&#8217;dan Stuttgart, \u0130svi\u00e7re&#8217;den Grasshoppers ekipleri ile Katar&#8217;\u0131n en b\u00fcy\u00fck akademilerinden olan Aspire Academy&#8217;nin t\u00fcm ya\u015f k\u00fcmesi kadrolar\u0131n\u0131n Alt\u0131nordu&#8217;nun tesislerinde kamp yapt\u0131\u011f\u0131 da a\u00e7\u0131klamada hat\u0131rlat\u0131ld\u0131.<\/p>\n<\/div>\n<p><\/p>\n","protected":false},"excerpt":{"rendered":"<p>Zenit altyap\u0131 kadrolar\u0131, Alt\u0131nordu tesislerinde kamp yaparak \u00f6zel ma\u00e7lar oynad\u0131.<\/p>\n","protected":false},"author":1,"featured_media":22750,"comment_status":"open","ping_status":"open","sticky":false,"template":"","format":"standard","meta":{"footnotes":""},"categories":[25],"tags":[],"class_list":["post-22749","post","type-post","status-publish","format-standard","has-post-thumbnail","hentry","category-futbol"],"_links":{"self":[{"href":"https:\/\/haberbesiktas.tr\/index.php?rest_route=\/wp\/v2\/posts\/22749","targetHints":{"allow":["GET"]}}],"collection":[{"href":"https:\/\/haberbesiktas.tr\/index.php?rest_route=\/wp\/v2\/posts"}],"about":[{"href":"https:\/\/haberbesiktas.tr\/index.php?rest_route=\/wp\/v2\/types\/post"}],"author":[{"embeddable":true,"href":"https:\/\/haberbesiktas.tr\/index.php?rest_route=\/wp\/v2\/users\/1"}],"replies":[{"embeddable":true,"href":"https:\/\/haberbesiktas.tr\/index.php?rest_route=%2Fwp%2Fv2%2Fcomments&post=22749"}],"version-history":[{"count":1,"href":"https:\/\/haberbesiktas.tr\/index.php?rest_route=\/wp\/v2\/posts\/22749\/revisions"}],"predecessor-version":[{"id":22751,"href":"https:\/\/haberbesiktas.tr\/index.php?rest_route=\/wp\/v2\/posts\/22749\/revisions\/22751"}],"wp:featuredmedia":[{"embeddable":true,"href":"https:\/\/haberbesiktas.tr\/index.php?rest_route=\/wp\/v2\/media\/22750"}],"wp:attachment":[{"href":"https:\/\/haberbesiktas.tr\/index.php?rest_route=%2Fwp%2Fv2%2Fmedia&parent=22749"}],"wp:term":[{"taxonomy":"category","embeddable":true,"href":"https:\/\/haberbesiktas.tr\/index.php?rest_route=%2Fwp%2Fv2%2Fcategories&post=22749"},{"taxonomy":"post_tag","embeddable":true,"href":"https:\/\/haberbesiktas.tr\/index.php?rest_route=%2Fwp%2Fv2%2Ftags&post=22749"}],"curies":[{"name":"wp","href":"https:\/\/api.w.org\/{rel}","templated":true}]}}