{"id":22755,"date":"2025-04-23T08:24:07","date_gmt":"2025-04-23T08:24:07","guid":{"rendered":"https:\/\/haberbesiktas.tr\/?p=22755"},"modified":"2025-04-23T08:24:07","modified_gmt":"2025-04-23T08:24:07","slug":"besiktasta-ersin-destanoglundan-ayrilik-karari","status":"publish","type":"post","link":"https:\/\/haberbesiktas.tr\/?p=22755","title":{"rendered":"Be\u015fikta\u015f&#8217;ta Ersin Destano\u011flu&#8217;ndan ayr\u0131l\u0131k karar\u0131!"},"content":{"rendered":"<div>\n<p>Be\u015f\u0131kta\u015f&#8217;ta kaleci Ersin Destano\u011flu&#8217;nun ayr\u0131l\u0131k karar\u0131 verdi\u011fi sav edildi.<\/p>\n<p> Siyah beyazl\u0131larda uzun vakittir yedek olan Destano\u011flu, gelecek yaz i\u00e7in transfer tekliflerini k\u0131ymetlendirmek istiyor.<\/p>\n<p> <strong>S\u00d6ZLE\u015eMES\u0130 2026 YAZINDA SONA ER\u0130YOR<\/strong><\/p>\n<p> 24 ya\u015f\u0131ndaki kalecinin, kiral\u0131k olarak ayr\u0131lmak istedi\u011fi \u00f6ne s\u00fcr\u00fcl\u00fcrken, \u0130ngiltere ve \u0130talya&#8217;dan transfer teklifleri ald\u0131\u011f\u0131 bilinen Ersin&#8217;in Be\u015fikta\u015f ile olan kontrat\u0131 2026 yaz\u0131nda sona eriyor.<\/p>\n<p> <strong>Y\u00d6NET\u0130M K\u0130RALIK G\u0130TMES\u0130NE M\u00dcSAADE VER\u0130YOR<\/strong><\/p>\n<p> Kul\u00fcp idaresinin, mukavele uzatarak oyuncunun kiral\u0131k gitmesine m\u00fcsaade verece\u011fi d\u00fc\u015f\u00fcn\u00fcl\u00fcyor.<\/p>\n<p> <strong>BU D\u00d6NEM 5 MA\u00c7A \u00c7IKTI<\/strong><\/p>\n<p> Bu d\u00f6nem yaln\u0131zca 5 ma\u00e7a \u00e7\u0131kan Ersin, toplamda 7 gol yemi\u015f ve iki ma\u00e7ta da kalesini gole kapatm\u0131\u015ft\u0131.<\/p>\n<\/div>\n<p><\/p>\n","protected":false},"excerpt":{"rendered":"<p>Be\u015fikta\u015f&#8217;ta Ersin Destano\u011flu, kiral\u0131k olarak kadrodan ayr\u0131lmaya haz\u0131rlan\u0131yor.<\/p>\n","protected":false},"author":1,"featured_media":22756,"comment_status":"open","ping_status":"open","sticky":false,"template":"","format":"standard","meta":{"footnotes":""},"categories":[25],"tags":[],"class_list":["post-22755","post","type-post","status-publish","format-standard","has-post-thumbnail","hentry","category-futbol"],"_links":{"self":[{"href":"https:\/\/haberbesiktas.tr\/index.php?rest_route=\/wp\/v2\/posts\/22755","targetHints":{"allow":["GET"]}}],"collection":[{"href":"https:\/\/haberbesiktas.tr\/index.php?rest_route=\/wp\/v2\/posts"}],"about":[{"href":"https:\/\/haberbesiktas.tr\/index.php?rest_route=\/wp\/v2\/types\/post"}],"author":[{"embeddable":true,"href":"https:\/\/haberbesiktas.tr\/index.php?rest_route=\/wp\/v2\/users\/1"}],"replies":[{"embeddable":true,"href":"https:\/\/haberbesiktas.tr\/index.php?rest_route=%2Fwp%2Fv2%2Fcomments&post=22755"}],"version-history":[{"count":1,"href":"https:\/\/haberbesiktas.tr\/index.php?rest_route=\/wp\/v2\/posts\/22755\/revisions"}],"predecessor-version":[{"id":22757,"href":"https:\/\/haberbesiktas.tr\/index.php?rest_route=\/wp\/v2\/posts\/22755\/revisions\/22757"}],"wp:featuredmedia":[{"embeddable":true,"href":"https:\/\/haberbesiktas.tr\/index.php?rest_route=\/wp\/v2\/media\/22756"}],"wp:attachment":[{"href":"https:\/\/haberbesiktas.tr\/index.php?rest_route=%2Fwp%2Fv2%2Fmedia&parent=22755"}],"wp:term":[{"taxonomy":"category","embeddable":true,"href":"https:\/\/haberbesiktas.tr\/index.php?rest_route=%2Fwp%2Fv2%2Fcategories&post=22755"},{"taxonomy":"post_tag","embeddable":true,"href":"https:\/\/haberbesiktas.tr\/index.php?rest_route=%2Fwp%2Fv2%2Ftags&post=22755"}],"curies":[{"name":"wp","href":"https:\/\/api.w.org\/{rel}","templated":true}]}}