{"id":22758,"date":"2025-04-23T08:36:07","date_gmt":"2025-04-23T08:36:07","guid":{"rendered":"https:\/\/haberbesiktas.tr\/?p=22758"},"modified":"2025-04-23T08:36:07","modified_gmt":"2025-04-23T08:36:07","slug":"rizespordan-papanikolaounun-saglik-durumuyla-ilgili-aciklama","status":"publish","type":"post","link":"https:\/\/haberbesiktas.tr\/?p=22758","title":{"rendered":"Rizespor&#8217;dan Papanikolaou&#8217;nun sa\u011fl\u0131k durumuyla ilgili a\u00e7\u0131klama"},"content":{"rendered":"<div>\n<p>\u00c7aykur Rizespor Kul\u00fcb\u00fc S\u0131hhat Kurulu Lideri Prof. Dr. Hasan T\u00fcr\u00fct, Loannis Papanikolaou&#8217;da eklem zorlanmas\u0131 tespit edildi\u011fini belirtti.<\/p>\n<p> T\u00fcr\u00fct, yapt\u0131\u011f\u0131 yaz\u0131l\u0131 a\u00e7\u0131klamada, futbolcunun 22 \u015eubat Cumartesi g\u00fcn\u00fc oynanan Reeder Samsunspor ma\u00e7\u0131nda sakatlanarak oyundan \u00e7\u0131kt\u0131\u011f\u0131n\u0131 hat\u0131rlatt\u0131.<\/p>\n<p> Papanikolaou&#8217;ya muayene ve r\u00f6ntgen tetkiki yap\u0131ld\u0131\u011f\u0131n\u0131 aktaran T\u00fcr\u00fct, <strong>&#8220;Sa\u011f omuzunda ac joint sprain (acromioclavicular eklem zorlanmas\u0131) tan\u0131s\u0131 konulmu\u015ftur. Geri d\u00f6n\u00fc\u015f m\u00fchleti iddias\u0131 ve kesin tedavi planlamas\u0131 i\u00e7in MR tetkiki yap\u0131lacakt\u0131r. Futbolcumuz Papanikolaou&#8217;ya ge\u00e7mi\u015f olsun dileklerimizi iletiyoruz.&#8221;<\/strong> tabirlerine yer verdi.<\/p>\n<\/div>\n<p><\/p>\n","protected":false},"excerpt":{"rendered":"<p>\u00c7aykur Rizespor, Loannis Papanikolaou&#8217;nun s\u0131hhat durumuyla ilgili a\u00e7\u0131klama yapt\u0131.<\/p>\n","protected":false},"author":1,"featured_media":22759,"comment_status":"open","ping_status":"open","sticky":false,"template":"","format":"standard","meta":{"footnotes":""},"categories":[25],"tags":[],"class_list":["post-22758","post","type-post","status-publish","format-standard","has-post-thumbnail","hentry","category-futbol"],"_links":{"self":[{"href":"https:\/\/haberbesiktas.tr\/index.php?rest_route=\/wp\/v2\/posts\/22758","targetHints":{"allow":["GET"]}}],"collection":[{"href":"https:\/\/haberbesiktas.tr\/index.php?rest_route=\/wp\/v2\/posts"}],"about":[{"href":"https:\/\/haberbesiktas.tr\/index.php?rest_route=\/wp\/v2\/types\/post"}],"author":[{"embeddable":true,"href":"https:\/\/haberbesiktas.tr\/index.php?rest_route=\/wp\/v2\/users\/1"}],"replies":[{"embeddable":true,"href":"https:\/\/haberbesiktas.tr\/index.php?rest_route=%2Fwp%2Fv2%2Fcomments&post=22758"}],"version-history":[{"count":1,"href":"https:\/\/haberbesiktas.tr\/index.php?rest_route=\/wp\/v2\/posts\/22758\/revisions"}],"predecessor-version":[{"id":22760,"href":"https:\/\/haberbesiktas.tr\/index.php?rest_route=\/wp\/v2\/posts\/22758\/revisions\/22760"}],"wp:featuredmedia":[{"embeddable":true,"href":"https:\/\/haberbesiktas.tr\/index.php?rest_route=\/wp\/v2\/media\/22759"}],"wp:attachment":[{"href":"https:\/\/haberbesiktas.tr\/index.php?rest_route=%2Fwp%2Fv2%2Fmedia&parent=22758"}],"wp:term":[{"taxonomy":"category","embeddable":true,"href":"https:\/\/haberbesiktas.tr\/index.php?rest_route=%2Fwp%2Fv2%2Fcategories&post=22758"},{"taxonomy":"post_tag","embeddable":true,"href":"https:\/\/haberbesiktas.tr\/index.php?rest_route=%2Fwp%2Fv2%2Ftags&post=22758"}],"curies":[{"name":"wp","href":"https:\/\/api.w.org\/{rel}","templated":true}]}}