{"id":22761,"date":"2025-04-23T08:48:07","date_gmt":"2025-04-23T08:48:07","guid":{"rendered":"https:\/\/haberbesiktas.tr\/?p=22761"},"modified":"2025-04-23T08:48:07","modified_gmt":"2025-04-23T08:48:07","slug":"gokhan-ozoguza-seyirden-men-cezasi","status":"publish","type":"post","link":"https:\/\/haberbesiktas.tr\/?p=22761","title":{"rendered":"G\u00f6khan \u00d6zo\u011fuz&#8217;a seyirden men cezas\u0131"},"content":{"rendered":"<div>Fenerbah\u00e7e taraftar\u0131 \u00fcnl\u00fc m\u00fczik\u00e7i G\u00f6khan \u00d6zo\u011fuz, Galatasaray derbisi \u00f6ncesi beklemedi\u011fi bir haberle kar\u015f\u0131la\u015ft\u0131.<\/p>\n<p> Athena k\u00fcmesinin solisti G\u00f6khan \u00d6zo\u011fuz, Galatasaray ile Fenerbah\u00e7e ortas\u0131nda Ali Sami Yen Spor Kompleksi RAMS Park&#8217;ta oynanacak derbi ma\u00e7\u0131n\u0131 trib\u00fcnden seyretmek i\u00e7in yola \u00e7\u0131kt\u0131\u011f\u0131 esnada, kendisine, 6222 say\u0131l\u0131 kanun kapsam\u0131nda seyirden yasaklama cezas\u0131 verildi\u011fini \u00f6\u011frendi.<\/p>\n<p> <strong>&#8220;HAK, HUKUK, ADALET \u0130STER\u0130M&#8221;<\/strong><\/p>\n<p>G\u00f6khan \u00d6zo\u011fuz, X hesab\u0131ndan yapt\u0131\u011f\u0131 a\u00e7\u0131klamada <strong>&#8220;Fenerbahce Kul\u00fcb\u00fc&#8217;n\u00fcn \u00f6n\u00fcnden deplasman otob\u00fcs\u00fcne binmek i\u00e7in geldi\u011fimde hakk\u0131mda 6222 karar\u0131 \u00e7\u0131kt\u0131\u011f\u0131na dair haber ald\u0131m. Uygulatanlara te\u015fekk\u00fcr ediyorum benim i\u00e7in bir erdem madalyas\u0131d\u0131r! Do\u011frular\u0131 s\u00f6ylemek hak savunmak. Ekibimin hakk\u0131n\u0131 her yerde, her vakit, her kaidede savunmaya devam edece\u011fim. Ben Fenerbah\u00e7eliyim. Hak hukuk adalet isterim&#8221;<\/strong> tabirlerini kulland\u0131.<\/p>\n<p> Seyirden yasaklanma cezas\u0131 alan \u00d6zo\u011fuz&#8217;un ma\u00e7a gitmedi\u011fi taraf\u0131nda karakola gidip imza vermesi gerekiyor.<\/p>\n<p><strong>NE OLMU\u015eTU?<\/strong><\/p>\n<p> G\u00f6khan \u00d6zo\u011fuz ge\u00e7en y\u0131l verdi\u011fi bir konserde Galatasaray&#8217;a y\u00f6nelik <strong>&#8220;Siyasete alet olmu\u015f bir kadroya h\u00fcrmet duymayaca\u011f\u0131m&#8221;<\/strong> tabirlerini kullanm\u0131\u015ft\u0131. Bu a\u00e7\u0131klama, Galatasaray taraftarlar\u0131n\u0131n yans\u0131s\u0131na neden olmu\u015ftu.<\/p>\n<p> Ge\u00e7en g\u00fcnlerde X&#8217;te payla\u015f\u0131m yapan bir hesap, Galatasaray&#8217;\u0131n \u015fikayeti \u00fczerine G\u00f6khan \u00d6zo\u011fuz&#8217;a 6222 say\u0131l\u0131 Sporda \u015eiddet ve D\u00fczensizli\u011fin \u00d6nlenmesine Dair Kanun uyar\u0131nca ceza verildi\u011fini yazm\u0131\u015ft\u0131.<\/p>\n<\/div>\n<p><\/p>\n","protected":false},"excerpt":{"rendered":"<p>Fenerbah\u00e7e taraftar\u0131 \u00fcnl\u00fc m\u00fczik\u00e7i G\u00f6khan \u00d6zo\u011fuz, 6222 say\u0131l\u0131 kanun sebebiyle seyirden men cezas\u0131 ald\u0131.<\/p>\n","protected":false},"author":1,"featured_media":22762,"comment_status":"open","ping_status":"open","sticky":false,"template":"","format":"standard","meta":{"footnotes":""},"categories":[25],"tags":[129,2171,63],"class_list":["post-22761","post","type-post","status-publish","format-standard","has-post-thumbnail","hentry","category-futbol","tag-galatasaray","tag-gokhan-ozoguz","tag-hak"],"_links":{"self":[{"href":"https:\/\/haberbesiktas.tr\/index.php?rest_route=\/wp\/v2\/posts\/22761","targetHints":{"allow":["GET"]}}],"collection":[{"href":"https:\/\/haberbesiktas.tr\/index.php?rest_route=\/wp\/v2\/posts"}],"about":[{"href":"https:\/\/haberbesiktas.tr\/index.php?rest_route=\/wp\/v2\/types\/post"}],"author":[{"embeddable":true,"href":"https:\/\/haberbesiktas.tr\/index.php?rest_route=\/wp\/v2\/users\/1"}],"replies":[{"embeddable":true,"href":"https:\/\/haberbesiktas.tr\/index.php?rest_route=%2Fwp%2Fv2%2Fcomments&post=22761"}],"version-history":[{"count":1,"href":"https:\/\/haberbesiktas.tr\/index.php?rest_route=\/wp\/v2\/posts\/22761\/revisions"}],"predecessor-version":[{"id":22763,"href":"https:\/\/haberbesiktas.tr\/index.php?rest_route=\/wp\/v2\/posts\/22761\/revisions\/22763"}],"wp:featuredmedia":[{"embeddable":true,"href":"https:\/\/haberbesiktas.tr\/index.php?rest_route=\/wp\/v2\/media\/22762"}],"wp:attachment":[{"href":"https:\/\/haberbesiktas.tr\/index.php?rest_route=%2Fwp%2Fv2%2Fmedia&parent=22761"}],"wp:term":[{"taxonomy":"category","embeddable":true,"href":"https:\/\/haberbesiktas.tr\/index.php?rest_route=%2Fwp%2Fv2%2Fcategories&post=22761"},{"taxonomy":"post_tag","embeddable":true,"href":"https:\/\/haberbesiktas.tr\/index.php?rest_route=%2Fwp%2Fv2%2Ftags&post=22761"}],"curies":[{"name":"wp","href":"https:\/\/api.w.org\/{rel}","templated":true}]}}