{"id":22764,"date":"2025-04-23T09:00:08","date_gmt":"2025-04-23T09:00:08","guid":{"rendered":"https:\/\/haberbesiktas.tr\/?p=22764"},"modified":"2025-04-23T09:00:08","modified_gmt":"2025-04-23T09:00:08","slug":"hansi-flickten-atletico-maci-oncesi-yamal-ve-olmo-aciklamasi","status":"publish","type":"post","link":"https:\/\/haberbesiktas.tr\/?p=22764","title":{"rendered":"Hansi Flick&#8217;ten Atletico ma\u00e7\u0131 \u00f6ncesi Yamal ve Olmo a\u00e7\u0131klamas\u0131!"},"content":{"rendered":"<div>Barcelona Teknik Y\u00f6neticisi Hansi Flick, \u0130spanya Kral Kupas\u0131 yar\u0131 finalinde oynayacaklar\u0131 Atletico Madrid ma\u00e7\u0131 \u00f6ncesi a\u00e7\u0131klamalarda bulundu.\u00a0<\/p>\n<p>Lamine Yamal ve Dani Olmo&#8217;da bulunan sakatl\u0131klar hakk\u0131nda konu\u015fan Alman teknik adam, <strong>&#8220;Yamal ve Olmo bence oynayabilecek durumda lakin hekimin ne diyece\u011fini g\u00f6rmemiz gerekiyor.&#8221;<\/strong> dedi.<\/p>\n<p>Hakemlerin kararlar\u0131 hakk\u0131nda konu\u015fan Flick, <strong>&#8220;Lamine ya da makul oyuncular\u0131n \u00f6zel olarak korunmas\u0131 gerekti\u011fini s\u00f6yleyemeyiz, bu herkes i\u00e7in ge\u00e7erli olmal\u0131. \u015eayet sert faullere kart \u00e7\u0131kmazsa, bunlar tekrarlanacakt\u0131r.\u00a0Oyuncular\u0131 korumal\u0131y\u0131z, bence en mant\u0131kl\u0131s\u0131 bu. Yaln\u0131zca kimi \u00f6zel oyuncular\u0131 de\u011fil, herkesi. \u0130spanya&#8217;da te\u011fe bir u\u011fra\u015flar\u0131 izlemeyi seviyoruz, savunmac\u0131lar\u0131 ge\u00e7ebilen oyuncular\u0131 g\u00f6rmek istiyoruz, bu y\u00fczden onlar\u0131 korumal\u0131y\u0131z.&#8221;<\/strong> kelamlar\u0131n\u0131 sarf etti.<\/div>\n<p><\/p>\n","protected":false},"excerpt":{"rendered":"<p>Barcelona teknik y\u00f6neticisi Hansi Flick, Atletico Madrid ile oynanacak \u0130spanya Kral Kupas\u0131 yar\u0131 finali \u00f6ncesinde Lamine Yamal ve Dani Olmo&#8217;nun durumuyla ilgili bir g\u00fcncelleme yapt\u0131.<\/p>\n","protected":false},"author":1,"featured_media":22765,"comment_status":"open","ping_status":"open","sticky":false,"template":"","format":"standard","meta":{"footnotes":""},"categories":[25],"tags":[],"class_list":["post-22764","post","type-post","status-publish","format-standard","has-post-thumbnail","hentry","category-futbol"],"_links":{"self":[{"href":"https:\/\/haberbesiktas.tr\/index.php?rest_route=\/wp\/v2\/posts\/22764","targetHints":{"allow":["GET"]}}],"collection":[{"href":"https:\/\/haberbesiktas.tr\/index.php?rest_route=\/wp\/v2\/posts"}],"about":[{"href":"https:\/\/haberbesiktas.tr\/index.php?rest_route=\/wp\/v2\/types\/post"}],"author":[{"embeddable":true,"href":"https:\/\/haberbesiktas.tr\/index.php?rest_route=\/wp\/v2\/users\/1"}],"replies":[{"embeddable":true,"href":"https:\/\/haberbesiktas.tr\/index.php?rest_route=%2Fwp%2Fv2%2Fcomments&post=22764"}],"version-history":[{"count":1,"href":"https:\/\/haberbesiktas.tr\/index.php?rest_route=\/wp\/v2\/posts\/22764\/revisions"}],"predecessor-version":[{"id":22766,"href":"https:\/\/haberbesiktas.tr\/index.php?rest_route=\/wp\/v2\/posts\/22764\/revisions\/22766"}],"wp:featuredmedia":[{"embeddable":true,"href":"https:\/\/haberbesiktas.tr\/index.php?rest_route=\/wp\/v2\/media\/22765"}],"wp:attachment":[{"href":"https:\/\/haberbesiktas.tr\/index.php?rest_route=%2Fwp%2Fv2%2Fmedia&parent=22764"}],"wp:term":[{"taxonomy":"category","embeddable":true,"href":"https:\/\/haberbesiktas.tr\/index.php?rest_route=%2Fwp%2Fv2%2Fcategories&post=22764"},{"taxonomy":"post_tag","embeddable":true,"href":"https:\/\/haberbesiktas.tr\/index.php?rest_route=%2Fwp%2Fv2%2Ftags&post=22764"}],"curies":[{"name":"wp","href":"https:\/\/api.w.org\/{rel}","templated":true}]}}