{"id":22770,"date":"2025-04-23T09:24:06","date_gmt":"2025-04-23T09:24:06","guid":{"rendered":"https:\/\/haberbesiktas.tr\/?p=22770"},"modified":"2025-04-23T09:24:06","modified_gmt":"2025-04-23T09:24:06","slug":"diego-simeone-barcanin-gucu-hansi-flick","status":"publish","type":"post","link":"https:\/\/haberbesiktas.tr\/?p=22770","title":{"rendered":"Diego Simeone: &#8220;Bar\u00e7a&#8217;n\u0131n g\u00fcc\u00fc Hansi Flick&#8221;"},"content":{"rendered":"<div>Atletico Madrid Teknik Y\u00f6neticisi Diego Simeone, Barcelona ma\u00e7\u0131 \u00f6ncesi Hansi Flick hakk\u0131nda a\u00e7\u0131klamalarda bulundu.<\/p>\n<p> Barcelona&#8217;n\u0131n en b\u00fcy\u00fck g\u00fcc\u00fcn\u00fcn Hansi Flick oldu\u011funu s\u00f6yleyen Simeone, <strong>&#8220;Barcelona&#8217;n\u0131n g\u00fcc\u00fc teknik y\u00f6neticisi. Kendi oyun stilini oyunculara aktarma h\u00fcnerine sahip ve Flick&#8217;in geli\u015finin kadro i\u00e7in \u00e7ok yararl\u0131 oldu\u011funa inan\u0131yorum.&#8221;<\/strong> s\u00f6zlerini kulland\u0131.<\/p>\n<p> Simeone ge\u00e7ti\u011fimiz g\u00fcnlerde yapt\u0131\u011f\u0131 a\u00e7\u0131klamada, <strong>&#8220;LaLiga&#8217;n\u0131n en \u00e2l\u00e2 kadrosu Barcelona. \u0130nan\u0131lmaz atak ediyorlar.&#8221;<\/strong> kelamlar\u0131n\u0131 sarf etmi\u015fti.<\/p>\n<p> Barcelona ile Atletico Madrid, sal\u0131 g\u00fcn\u00fc \u0130spanya Kral Kupas\u0131 yar\u0131 finalinde kar\u015f\u0131 kar\u015f\u0131ya gelecekler.<\/p>\n<\/div>\n<p><\/p>\n","protected":false},"excerpt":{"rendered":"<p>Atletico Madrid Teknik Y\u00f6neticisi Diego Simeone, Barcelona ma\u00e7\u0131 \u00f6ncesi Hansi Flick hakk\u0131nda a\u00e7\u0131klamalarda bulundu.<\/p>\n","protected":false},"author":1,"featured_media":22771,"comment_status":"open","ping_status":"open","sticky":false,"template":"","format":"standard","meta":{"footnotes":""},"categories":[25],"tags":[307],"class_list":["post-22770","post","type-post","status-publish","format-standard","has-post-thumbnail","hentry","category-futbol","tag-barcelona"],"_links":{"self":[{"href":"https:\/\/haberbesiktas.tr\/index.php?rest_route=\/wp\/v2\/posts\/22770","targetHints":{"allow":["GET"]}}],"collection":[{"href":"https:\/\/haberbesiktas.tr\/index.php?rest_route=\/wp\/v2\/posts"}],"about":[{"href":"https:\/\/haberbesiktas.tr\/index.php?rest_route=\/wp\/v2\/types\/post"}],"author":[{"embeddable":true,"href":"https:\/\/haberbesiktas.tr\/index.php?rest_route=\/wp\/v2\/users\/1"}],"replies":[{"embeddable":true,"href":"https:\/\/haberbesiktas.tr\/index.php?rest_route=%2Fwp%2Fv2%2Fcomments&post=22770"}],"version-history":[{"count":1,"href":"https:\/\/haberbesiktas.tr\/index.php?rest_route=\/wp\/v2\/posts\/22770\/revisions"}],"predecessor-version":[{"id":22772,"href":"https:\/\/haberbesiktas.tr\/index.php?rest_route=\/wp\/v2\/posts\/22770\/revisions\/22772"}],"wp:featuredmedia":[{"embeddable":true,"href":"https:\/\/haberbesiktas.tr\/index.php?rest_route=\/wp\/v2\/media\/22771"}],"wp:attachment":[{"href":"https:\/\/haberbesiktas.tr\/index.php?rest_route=%2Fwp%2Fv2%2Fmedia&parent=22770"}],"wp:term":[{"taxonomy":"category","embeddable":true,"href":"https:\/\/haberbesiktas.tr\/index.php?rest_route=%2Fwp%2Fv2%2Fcategories&post=22770"},{"taxonomy":"post_tag","embeddable":true,"href":"https:\/\/haberbesiktas.tr\/index.php?rest_route=%2Fwp%2Fv2%2Ftags&post=22770"}],"curies":[{"name":"wp","href":"https:\/\/api.w.org\/{rel}","templated":true}]}}