{"id":22811,"date":"2025-04-23T12:00:07","date_gmt":"2025-04-23T12:00:07","guid":{"rendered":"https:\/\/haberbesiktas.tr\/?p=22811"},"modified":"2025-04-23T12:00:07","modified_gmt":"2025-04-23T12:00:07","slug":"okan-buruktan-derbi-oncesi-provokasyon-aciklamasi","status":"publish","type":"post","link":"https:\/\/haberbesiktas.tr\/?p=22811","title":{"rendered":"Okan Buruk&#8217;tan derbi \u00f6ncesi &#8220;provokasyon&#8221; a\u00e7\u0131klamas\u0131"},"content":{"rendered":"<div>Galatasaray Teknik Y\u00f6neticisi Okan Buruk, Fenerbah\u00e7e derbisi \u00f6ncesinde a\u00e7\u0131klamalarda bulundu.<\/p>\n<p><strong>&#8220;B\u00d6YLE MA\u00c7LARDA PROVOKASYON VAR&#8221;<\/strong><\/p>\n<p>Ma\u00e7\u0131n k\u0131ymetine de\u011finen Buruk, <span><strong>&#8220;Avrupa kupas\u0131 ma\u00e7lar\u0131ndan \u00f6t\u00fcr\u00fc uzun bir haz\u0131rl\u0131k baht\u0131m\u0131z olmad\u0131. D\u00fcn taktik egzersiz yapt\u0131k. Havalar da berbatt\u0131, alanlar uygun de\u011fildi \u00e7al\u0131\u015fmaya. D\u00fcn ho\u015f bir yerde \u00e7al\u0131\u015ft\u0131k. Son idman\u0131 g\u00fczel bir bi\u00e7imde yapt\u0131k. Oyuncular\u0131m\u0131z haz\u0131r ve motive. Onlara b\u00fcy\u00fck motivasyondan \u00e7ok, bu cins ma\u00e7larda provokasyonlar var. D\u0130kkat etmek gerekiyor. Saha i\u00e7i ve d\u0131\u015f\u0131n\u0131 \u00e2l\u00e2 y\u00f6netmek gerekiyor. Yaln\u0131zca oyuna odaklanmak istiyoruz, en b\u00fcy\u00fck iste\u011fim bu. Birinci ma\u00e7ta yaln\u0131zca oyuna odaklanm\u0131\u015ft\u0131k. Taktiksel olarak iki grup da haz\u0131r. Rakibimizin 11&#8217;i bekledi\u011fimiz \u00fczere. Son dakika \u00c7a\u011flar girdi oraya. Dizili\u015fi bekliyorduk, 3-4-1-2. \u0130ki tane orta saha Lemina ve Torreira, \u00f6nlerinde Sara olacak. Ge\u00e7en hafta Rize ma\u00e7\u0131nda buna d\u00f6nd\u00fck. Frankowski, Eren, Lemina \u00fczere yeniler var. Ge\u00e7en hafta onlarla k\u0131sa oynad\u0131k. Al\u0131\u015faca\u011f\u0131z, birbirimizi g\u00f6rece\u011fiz. Kaliteli, bu ma\u00e7lar\u0131 oynayabilecek oyuncular. Kendi saham\u0131zday\u0131z. Taraftar\u0131m\u0131z\u0131n bask\u0131s\u0131yla hamasetimizi ortaya koyaca\u011f\u0131z. Galatasaray hamasetiyle, iste\u011fiyle, kazanarak oldu. 2.5 senede 2 \u015fampiyonluk, rekorlar var. Bug\u00fcn de bu ma\u00e7 kazand\u0131\u011f\u0131m\u0131z vakit 4 puanl\u0131k ma\u00e7. Berabere kal\u0131nca 2 puanl\u0131k bir ma\u00e7, ikili averajdan. Gayemiz kazanmak i\u00e7in her \u015feyi yapmak. Rakibimiz de kaliteli bir ekip. Topa sahip olan bir grup de\u011fil. 3. b\u00f6lge bask\u0131lar\u0131 var, kendi alan\u0131nda 11 bireyle kapanmalar\u0131 var. Rakibi tan\u0131yoruz. Sakin olup ma\u00e7\u0131 ya\u015farsak, kendi planlar\u0131m\u0131z\u0131 uygularsak sonu\u00e7 oyuncular\u0131m\u0131z\u0131n ayaklar\u0131na kalacak.&#8221;<\/strong> dedi.<\/p>\n<p><strong>&#8220;TARAFTARIMIZ SAK\u0130N OLSUN&#8221;<\/strong><\/p>\n<p>Taraftarlar\u0131n sakin olmas\u0131n\u0131 isteyen Buruk, <strong>&#8220;Taraftarlar telefonu b\u0131raks\u0131n, oyuna odaklans\u0131n!\u00a0<\/strong><span><strong>Icardi&#8217;nin geli\u015fi m\u00fcspeti bir hava yarat\u0131yor. D\u00fcn ak\u015fam yemekte onun ge\u00e7mi\u015f do\u011fum g\u00fcn\u00fc pastas\u0131n\u0131 kestik. Dile\u011fi bu ma\u00e7\u0131 kazanmakt\u0131. \u0130stekliyiz, olumlu. Yunus&#8217;un tak\u0131ma d\u00f6nmesi de \u00e7ok k\u0131ymetli. Bu periyotta Yunus \u00fczere, Jakobs \u00fczere ard\u0131nda net bekleyen oyuncular olmadan zorland\u0131k. Icardi o denli, Morata d\u0131\u015far\u0131da. Tam grup olunca \u00e7ok daha g\u00fc\u00e7l\u00fc olaca\u011f\u0131z. \u0130ki grubun da yedek kul\u00fcbesi geni\u015f. Bu benim a\u00e7\u0131mdan da sevindirici. Bir evvelki Avrupa ma\u00e7\u0131nda tam kar\u015f\u0131t\u0131yd\u0131.&#8221;<\/strong> kelamlar\u0131n\u0131 sarf etti.<\/span><\/span><\/div>\n<p><\/p>\n","protected":false},"excerpt":{"rendered":"<p>Galatasaray Teknik Y\u00f6neticisi Okan Buruk, Fenerbah\u00e7e derbisi \u00f6ncesinde a\u00e7\u0131klamalarda bulundu.<\/p>\n","protected":false},"author":1,"featured_media":22812,"comment_status":"open","ping_status":"open","sticky":false,"template":"","format":"standard","meta":{"footnotes":""},"categories":[25],"tags":[50,297,52],"class_list":["post-22811","post","type-post","status-publish","format-standard","has-post-thumbnail","hentry","category-futbol","tag-mac","tag-saha","tag-takim"],"_links":{"self":[{"href":"https:\/\/haberbesiktas.tr\/index.php?rest_route=\/wp\/v2\/posts\/22811","targetHints":{"allow":["GET"]}}],"collection":[{"href":"https:\/\/haberbesiktas.tr\/index.php?rest_route=\/wp\/v2\/posts"}],"about":[{"href":"https:\/\/haberbesiktas.tr\/index.php?rest_route=\/wp\/v2\/types\/post"}],"author":[{"embeddable":true,"href":"https:\/\/haberbesiktas.tr\/index.php?rest_route=\/wp\/v2\/users\/1"}],"replies":[{"embeddable":true,"href":"https:\/\/haberbesiktas.tr\/index.php?rest_route=%2Fwp%2Fv2%2Fcomments&post=22811"}],"version-history":[{"count":1,"href":"https:\/\/haberbesiktas.tr\/index.php?rest_route=\/wp\/v2\/posts\/22811\/revisions"}],"predecessor-version":[{"id":22813,"href":"https:\/\/haberbesiktas.tr\/index.php?rest_route=\/wp\/v2\/posts\/22811\/revisions\/22813"}],"wp:featuredmedia":[{"embeddable":true,"href":"https:\/\/haberbesiktas.tr\/index.php?rest_route=\/wp\/v2\/media\/22812"}],"wp:attachment":[{"href":"https:\/\/haberbesiktas.tr\/index.php?rest_route=%2Fwp%2Fv2%2Fmedia&parent=22811"}],"wp:term":[{"taxonomy":"category","embeddable":true,"href":"https:\/\/haberbesiktas.tr\/index.php?rest_route=%2Fwp%2Fv2%2Fcategories&post=22811"},{"taxonomy":"post_tag","embeddable":true,"href":"https:\/\/haberbesiktas.tr\/index.php?rest_route=%2Fwp%2Fv2%2Ftags&post=22811"}],"curies":[{"name":"wp","href":"https:\/\/api.w.org\/{rel}","templated":true}]}}