{"id":22814,"date":"2025-04-23T12:12:07","date_gmt":"2025-04-23T12:12:07","guid":{"rendered":"https:\/\/haberbesiktas.tr\/?p=22814"},"modified":"2025-04-23T12:12:07","modified_gmt":"2025-04-23T12:12:07","slug":"derbi-oncesi-iki-takim-oyunculari-selamlasmadi","status":"publish","type":"post","link":"https:\/\/haberbesiktas.tr\/?p=22814","title":{"rendered":"Derbi \u00f6ncesi iki tak\u0131m oyuncular\u0131 selamla\u015fmad\u0131"},"content":{"rendered":"<div>T\u00fcrkiye&#8217;nin merakla bekledi\u011fi Galatasaray &#8211; Fenerbah\u00e7e derbisi \u00f6ncesinde iki kadro oyuncular\u0131ndan \u00e7arp\u0131c\u0131 bir davran\u0131\u015f geldi.<\/p>\n<p> \u0130stiklal Mar\u015f\u0131&#8217;n\u0131n akabinde iki kadro oyuncular\u0131n\u0131n birbirleriyle el s\u0131k\u0131\u015fmadan alana da\u011f\u0131ld\u0131\u011f\u0131 ve ma\u00e7 \u00f6ncesinde birbirlerine muvaffakiyetler dilemedikleri g\u00f6r\u00fcld\u00fc.<\/p>\n<p> Bu imajlar toplumsal medyada b\u00fcy\u00fck bir \u015fa\u015fk\u0131nl\u0131kla kar\u015f\u0131land\u0131.<\/p>\n<\/div>\n<p><\/p>\n","protected":false},"excerpt":{"rendered":"<p>Galatasaray &#8211; Fenerbah\u00e7e derbisi \u00f6ncesi iki kadro oyuncular\u0131 seremonide selamla\u015fmad\u0131.<\/p>\n","protected":false},"author":1,"featured_media":22815,"comment_status":"open","ping_status":"open","sticky":false,"template":"","format":"standard","meta":{"footnotes":""},"categories":[25],"tags":[],"class_list":["post-22814","post","type-post","status-publish","format-standard","has-post-thumbnail","hentry","category-futbol"],"_links":{"self":[{"href":"https:\/\/haberbesiktas.tr\/index.php?rest_route=\/wp\/v2\/posts\/22814","targetHints":{"allow":["GET"]}}],"collection":[{"href":"https:\/\/haberbesiktas.tr\/index.php?rest_route=\/wp\/v2\/posts"}],"about":[{"href":"https:\/\/haberbesiktas.tr\/index.php?rest_route=\/wp\/v2\/types\/post"}],"author":[{"embeddable":true,"href":"https:\/\/haberbesiktas.tr\/index.php?rest_route=\/wp\/v2\/users\/1"}],"replies":[{"embeddable":true,"href":"https:\/\/haberbesiktas.tr\/index.php?rest_route=%2Fwp%2Fv2%2Fcomments&post=22814"}],"version-history":[{"count":1,"href":"https:\/\/haberbesiktas.tr\/index.php?rest_route=\/wp\/v2\/posts\/22814\/revisions"}],"predecessor-version":[{"id":22816,"href":"https:\/\/haberbesiktas.tr\/index.php?rest_route=\/wp\/v2\/posts\/22814\/revisions\/22816"}],"wp:featuredmedia":[{"embeddable":true,"href":"https:\/\/haberbesiktas.tr\/index.php?rest_route=\/wp\/v2\/media\/22815"}],"wp:attachment":[{"href":"https:\/\/haberbesiktas.tr\/index.php?rest_route=%2Fwp%2Fv2%2Fmedia&parent=22814"}],"wp:term":[{"taxonomy":"category","embeddable":true,"href":"https:\/\/haberbesiktas.tr\/index.php?rest_route=%2Fwp%2Fv2%2Fcategories&post=22814"},{"taxonomy":"post_tag","embeddable":true,"href":"https:\/\/haberbesiktas.tr\/index.php?rest_route=%2Fwp%2Fv2%2Ftags&post=22814"}],"curies":[{"name":"wp","href":"https:\/\/api.w.org\/{rel}","templated":true}]}}