{"id":22820,"date":"2025-04-23T12:36:08","date_gmt":"2025-04-23T12:36:08","guid":{"rendered":"https:\/\/haberbesiktas.tr\/?p=22820"},"modified":"2025-04-23T12:36:08","modified_gmt":"2025-04-23T12:36:08","slug":"livakovic-10-mac-sonra-kadroda","status":"publish","type":"post","link":"https:\/\/haberbesiktas.tr\/?p=22820","title":{"rendered":"Livakovic, 10 ma\u00e7 sonra kadroda"},"content":{"rendered":"<div>Fenerbah\u00e7e&#8217;nin tecr\u00fcbeli file bek\u00e7isi Dominik Livakovic, 10 ma\u00e7 ortan\u0131n akabinde tak\u0131ma girdi.<\/p>\n<p> Son olarak 13 Ocak tarihinde Konyaspor deplasman\u0131nda forma giyen H\u0131rvat kaleci, ard\u0131ndan ligde 5, kupada 1 ve Avrupa&#8217;da 4 kar\u015f\u0131la\u015fmay\u0131 ka\u00e7\u0131rd\u0131.<\/p>\n<p> Yakla\u015f\u0131k 1,5 ay sonra formas\u0131na kavu\u015fan Livakovic, \u00e7abaya yedek kul\u00fcbesinde ba\u015flad\u0131.<\/p>\n<\/div>\n<p><\/p>\n","protected":false},"excerpt":{"rendered":"<p>Fenerbah\u00e7e&#8217;nin H\u0131rvat kalecisi Dominik Livakovic, 10 ma\u00e7 sonra tak\u0131ma girdi.<\/p>\n","protected":false},"author":1,"featured_media":22821,"comment_status":"open","ping_status":"open","sticky":false,"template":"","format":"standard","meta":{"footnotes":""},"categories":[25],"tags":[],"class_list":["post-22820","post","type-post","status-publish","format-standard","has-post-thumbnail","hentry","category-futbol"],"_links":{"self":[{"href":"https:\/\/haberbesiktas.tr\/index.php?rest_route=\/wp\/v2\/posts\/22820","targetHints":{"allow":["GET"]}}],"collection":[{"href":"https:\/\/haberbesiktas.tr\/index.php?rest_route=\/wp\/v2\/posts"}],"about":[{"href":"https:\/\/haberbesiktas.tr\/index.php?rest_route=\/wp\/v2\/types\/post"}],"author":[{"embeddable":true,"href":"https:\/\/haberbesiktas.tr\/index.php?rest_route=\/wp\/v2\/users\/1"}],"replies":[{"embeddable":true,"href":"https:\/\/haberbesiktas.tr\/index.php?rest_route=%2Fwp%2Fv2%2Fcomments&post=22820"}],"version-history":[{"count":1,"href":"https:\/\/haberbesiktas.tr\/index.php?rest_route=\/wp\/v2\/posts\/22820\/revisions"}],"predecessor-version":[{"id":22822,"href":"https:\/\/haberbesiktas.tr\/index.php?rest_route=\/wp\/v2\/posts\/22820\/revisions\/22822"}],"wp:featuredmedia":[{"embeddable":true,"href":"https:\/\/haberbesiktas.tr\/index.php?rest_route=\/wp\/v2\/media\/22821"}],"wp:attachment":[{"href":"https:\/\/haberbesiktas.tr\/index.php?rest_route=%2Fwp%2Fv2%2Fmedia&parent=22820"}],"wp:term":[{"taxonomy":"category","embeddable":true,"href":"https:\/\/haberbesiktas.tr\/index.php?rest_route=%2Fwp%2Fv2%2Fcategories&post=22820"},{"taxonomy":"post_tag","embeddable":true,"href":"https:\/\/haberbesiktas.tr\/index.php?rest_route=%2Fwp%2Fv2%2Ftags&post=22820"}],"curies":[{"name":"wp","href":"https:\/\/api.w.org\/{rel}","templated":true}]}}