{"id":22823,"date":"2025-04-23T12:48:07","date_gmt":"2025-04-23T12:48:07","guid":{"rendered":"https:\/\/haberbesiktas.tr\/?p=22823"},"modified":"2025-04-23T12:48:07","modified_gmt":"2025-04-23T12:48:07","slug":"f-bahce-derbiye-4-eksikle-cikti","status":"publish","type":"post","link":"https:\/\/haberbesiktas.tr\/?p=22823","title":{"rendered":"F.Bah\u00e7e, derbiye 4 eksikle \u00e7\u0131kt\u0131"},"content":{"rendered":"<div>Fenerbah\u00e7e, \u015fiddetli Galatasaray deplasman\u0131nda 4 oyuncusundan faydalanamad\u0131.<\/p>\n<p> Sar\u0131-lacivertlilerde sakatl\u0131klar\u0131 s\u00fcren \u0130smail Y\u00fcksek ile Diego Carlos&#8217;un yan\u0131 s\u0131ra yabanc\u0131 kontenjan\u0131 sebebiyle Allan Saint-Maximin kuvvetli kar\u015f\u0131la\u015fman\u0131n tak\u0131m\u0131nda almad\u0131.<\/p>\n<p> Bu isimlerin d\u0131\u015f\u0131nda Levent Mercan da teknik heyet karar\u0131yla tak\u0131ma al\u0131nmad\u0131.<\/p>\n<\/div>\n<p><\/p>\n","protected":false},"excerpt":{"rendered":"<p>Fenerbah\u00e7e, Galatasaray ile oynad\u0131\u011f\u0131 derbi ma\u00e7ta 4 oyuncusundan faydalanamad\u0131.<\/p>\n","protected":false},"author":1,"featured_media":22824,"comment_status":"open","ping_status":"open","sticky":false,"template":"","format":"standard","meta":{"footnotes":""},"categories":[25],"tags":[],"class_list":["post-22823","post","type-post","status-publish","format-standard","has-post-thumbnail","hentry","category-futbol"],"_links":{"self":[{"href":"https:\/\/haberbesiktas.tr\/index.php?rest_route=\/wp\/v2\/posts\/22823","targetHints":{"allow":["GET"]}}],"collection":[{"href":"https:\/\/haberbesiktas.tr\/index.php?rest_route=\/wp\/v2\/posts"}],"about":[{"href":"https:\/\/haberbesiktas.tr\/index.php?rest_route=\/wp\/v2\/types\/post"}],"author":[{"embeddable":true,"href":"https:\/\/haberbesiktas.tr\/index.php?rest_route=\/wp\/v2\/users\/1"}],"replies":[{"embeddable":true,"href":"https:\/\/haberbesiktas.tr\/index.php?rest_route=%2Fwp%2Fv2%2Fcomments&post=22823"}],"version-history":[{"count":1,"href":"https:\/\/haberbesiktas.tr\/index.php?rest_route=\/wp\/v2\/posts\/22823\/revisions"}],"predecessor-version":[{"id":22825,"href":"https:\/\/haberbesiktas.tr\/index.php?rest_route=\/wp\/v2\/posts\/22823\/revisions\/22825"}],"wp:featuredmedia":[{"embeddable":true,"href":"https:\/\/haberbesiktas.tr\/index.php?rest_route=\/wp\/v2\/media\/22824"}],"wp:attachment":[{"href":"https:\/\/haberbesiktas.tr\/index.php?rest_route=%2Fwp%2Fv2%2Fmedia&parent=22823"}],"wp:term":[{"taxonomy":"category","embeddable":true,"href":"https:\/\/haberbesiktas.tr\/index.php?rest_route=%2Fwp%2Fv2%2Fcategories&post=22823"},{"taxonomy":"post_tag","embeddable":true,"href":"https:\/\/haberbesiktas.tr\/index.php?rest_route=%2Fwp%2Fv2%2Ftags&post=22823"}],"curies":[{"name":"wp","href":"https:\/\/api.w.org\/{rel}","templated":true}]}}