{"id":22835,"date":"2025-04-23T13:36:13","date_gmt":"2025-04-23T13:36:13","guid":{"rendered":"https:\/\/haberbesiktas.tr\/?p=22835"},"modified":"2025-04-23T13:36:13","modified_gmt":"2025-04-23T13:36:13","slug":"derbide-gergin-dakikalar-osimhen-mert-hakan","status":"publish","type":"post","link":"https:\/\/haberbesiktas.tr\/?p=22835","title":{"rendered":"Derbide gergin dakikalar: Osimhen &#8211; Mert Hakan"},"content":{"rendered":"<div>Galatasaray &#8211; Fenerbah\u00e7e derbisinde 33. dakikada sonlar gerildi.<\/p>\n<p> Victor Osimhen, Yusuf Ak\u00e7i\u00e7ek ile girdi\u011fi ikili gayrette yerde kald\u0131. Osimhen ve Galatasaray yedek kul\u00fcbesi penalt\u0131 bekledi.<\/p>\n<p> Hakem Vincic, VAR&#8217;\u0131 bir m\u00fcddet dinledikten sonra oyunun devam etmesini istedi. Bu s\u0131rada Osimhen ile Fenerbah\u00e7e yedek kul\u00fcbesineki Mert Hakan kelaml\u0131 dala\u015fa girdi. Osimhen, Mert Hakan&#8217;a sus i\u015fareti yapt\u0131.<\/p>\n<p> Yedek kul\u00fcbelerinin de tart\u0131\u015fmaya dahil olmas\u0131n\u0131n akabinde iki ekibin idari menajerleri sar\u0131 kart g\u00f6rd\u00fc.<\/p>\n<p><img decoding=\"async\" src=\"https:\/\/haberbesiktas.tr\/wp-content\/uploads\/2025\/04\/derbide-gergin-dakikalar-osimhen-mert-hakan-0-zk9S6vsD.jpg\"\/><\/p>\n<p><img decoding=\"async\" src=\"https:\/\/haberbesiktas.tr\/wp-content\/uploads\/2025\/04\/derbide-gergin-dakikalar-osimhen-mert-hakan-1-padZ8qlM.jpg\"\/><\/p>\n<\/div>\n<p><\/p>\n","protected":false},"excerpt":{"rendered":"<p>Galatasaray ile Fenerbah\u00e7e ortas\u0131ndaki derbinin 33. dakikas\u0131yla birlikte hudutlar gerildi. \u0130\u015fte ya\u015fananlar&#8230;<\/p>\n","protected":false},"author":1,"featured_media":22836,"comment_status":"open","ping_status":"open","sticky":false,"template":"","format":"standard","meta":{"footnotes":""},"categories":[25],"tags":[],"class_list":["post-22835","post","type-post","status-publish","format-standard","has-post-thumbnail","hentry","category-futbol"],"_links":{"self":[{"href":"https:\/\/haberbesiktas.tr\/index.php?rest_route=\/wp\/v2\/posts\/22835","targetHints":{"allow":["GET"]}}],"collection":[{"href":"https:\/\/haberbesiktas.tr\/index.php?rest_route=\/wp\/v2\/posts"}],"about":[{"href":"https:\/\/haberbesiktas.tr\/index.php?rest_route=\/wp\/v2\/types\/post"}],"author":[{"embeddable":true,"href":"https:\/\/haberbesiktas.tr\/index.php?rest_route=\/wp\/v2\/users\/1"}],"replies":[{"embeddable":true,"href":"https:\/\/haberbesiktas.tr\/index.php?rest_route=%2Fwp%2Fv2%2Fcomments&post=22835"}],"version-history":[{"count":1,"href":"https:\/\/haberbesiktas.tr\/index.php?rest_route=\/wp\/v2\/posts\/22835\/revisions"}],"predecessor-version":[{"id":22839,"href":"https:\/\/haberbesiktas.tr\/index.php?rest_route=\/wp\/v2\/posts\/22835\/revisions\/22839"}],"wp:featuredmedia":[{"embeddable":true,"href":"https:\/\/haberbesiktas.tr\/index.php?rest_route=\/wp\/v2\/media\/22836"}],"wp:attachment":[{"href":"https:\/\/haberbesiktas.tr\/index.php?rest_route=%2Fwp%2Fv2%2Fmedia&parent=22835"}],"wp:term":[{"taxonomy":"category","embeddable":true,"href":"https:\/\/haberbesiktas.tr\/index.php?rest_route=%2Fwp%2Fv2%2Fcategories&post=22835"},{"taxonomy":"post_tag","embeddable":true,"href":"https:\/\/haberbesiktas.tr\/index.php?rest_route=%2Fwp%2Fv2%2Ftags&post=22835"}],"curies":[{"name":"wp","href":"https:\/\/api.w.org\/{rel}","templated":true}]}}