{"id":22840,"date":"2025-04-23T13:48:06","date_gmt":"2025-04-23T13:48:06","guid":{"rendered":"https:\/\/haberbesiktas.tr\/?p=22840"},"modified":"2025-04-23T13:48:06","modified_gmt":"2025-04-23T13:48:06","slug":"derbide-55-yil-sonra-yabanci-hakem-vincic","status":"publish","type":"post","link":"https:\/\/haberbesiktas.tr\/?p=22840","title":{"rendered":"Derbide 55 y\u0131l sonra yabanc\u0131 hakem: Vincic"},"content":{"rendered":"<div>Galatasaray-Fenerbah\u00e7e rekabetinde 55 y\u0131l ortadan sonra bir yabanc\u0131 hakem vazife yapt\u0131.<\/p>\n<p> \u0130ki grup ortas\u0131nda profesyonel liglerin oynanmaya ba\u015flad\u0131\u011f\u0131 1959&#8217;dan bu yana yap\u0131lan 17 derbide yabanc\u0131 hakem d\u00fcd\u00fck \u00e7ald\u0131. Son olarak 26 Nisan 1970&#8217;te Fenerbah\u00e7e&#8217;nin konut sahipli\u011finde oynanan derbide yabanc\u0131 hakem d\u00fcd\u00fck \u00e7ald\u0131. Kelam konusu derbiden 55 y\u0131l sonra gruplar yabanc\u0131 hakem y\u00f6netiminde ma\u00e7a \u00e7\u0131kt\u0131.<\/p>\n<p> M\u00fcsabakada Sloven hakem Slavko Vincic d\u00fcd\u00fck \u00e7ald\u0131. Vincic&#8217;in yard\u0131mc\u0131l\u0131klar\u0131n\u0131 Tomaz Klancnik ile Andraz Kovacic yaparken d\u00f6rd\u00fcnc\u00fc hakemlik vazifesini Kadir Sa\u011flam \u00fcstlendi.<\/p>\n<\/div>\n<p><\/p>\n","protected":false},"excerpt":{"rendered":"<p>Slavko Vincic, 55 y\u0131l sonra Galatasaray &#8211; Fenerbah\u00e7e derbisinde d\u00fcd\u00fck \u00e7alan birinci yabanc\u0131 hakem oldu.<\/p>\n","protected":false},"author":1,"featured_media":22841,"comment_status":"open","ping_status":"open","sticky":false,"template":"","format":"standard","meta":{"footnotes":""},"categories":[25],"tags":[62],"class_list":["post-22840","post","type-post","status-publish","format-standard","has-post-thumbnail","hentry","category-futbol","tag-hakem"],"_links":{"self":[{"href":"https:\/\/haberbesiktas.tr\/index.php?rest_route=\/wp\/v2\/posts\/22840","targetHints":{"allow":["GET"]}}],"collection":[{"href":"https:\/\/haberbesiktas.tr\/index.php?rest_route=\/wp\/v2\/posts"}],"about":[{"href":"https:\/\/haberbesiktas.tr\/index.php?rest_route=\/wp\/v2\/types\/post"}],"author":[{"embeddable":true,"href":"https:\/\/haberbesiktas.tr\/index.php?rest_route=\/wp\/v2\/users\/1"}],"replies":[{"embeddable":true,"href":"https:\/\/haberbesiktas.tr\/index.php?rest_route=%2Fwp%2Fv2%2Fcomments&post=22840"}],"version-history":[{"count":1,"href":"https:\/\/haberbesiktas.tr\/index.php?rest_route=\/wp\/v2\/posts\/22840\/revisions"}],"predecessor-version":[{"id":22842,"href":"https:\/\/haberbesiktas.tr\/index.php?rest_route=\/wp\/v2\/posts\/22840\/revisions\/22842"}],"wp:featuredmedia":[{"embeddable":true,"href":"https:\/\/haberbesiktas.tr\/index.php?rest_route=\/wp\/v2\/media\/22841"}],"wp:attachment":[{"href":"https:\/\/haberbesiktas.tr\/index.php?rest_route=%2Fwp%2Fv2%2Fmedia&parent=22840"}],"wp:term":[{"taxonomy":"category","embeddable":true,"href":"https:\/\/haberbesiktas.tr\/index.php?rest_route=%2Fwp%2Fv2%2Fcategories&post=22840"},{"taxonomy":"post_tag","embeddable":true,"href":"https:\/\/haberbesiktas.tr\/index.php?rest_route=%2Fwp%2Fv2%2Ftags&post=22840"}],"curies":[{"name":"wp","href":"https:\/\/api.w.org\/{rel}","templated":true}]}}