{"id":22846,"date":"2025-04-23T14:12:10","date_gmt":"2025-04-23T14:12:10","guid":{"rendered":"https:\/\/haberbesiktas.tr\/?p=22846"},"modified":"2025-04-23T14:12:10","modified_gmt":"2025-04-23T14:12:10","slug":"merakla-beklenen-derbide-sessiz-sonuc","status":"publish","type":"post","link":"https:\/\/haberbesiktas.tr\/?p=22846","title":{"rendered":"Merakla beklenen derbide sessiz sonu\u00e7"},"content":{"rendered":"<div>Trendyol Harika Lig&#8217;in 25. haftas\u0131nda oynanan derbide Okan Buruk&#8217;un grubu Galatasaray ile Jose Mourinho&#8217;nun idaresindeki Fenerbah\u00e7e 0-0 berabere kald\u0131.<\/p>\n<p> RAMS Park&#8217;ta oynanan u\u011fra\u015f, beklenenin tersine az duruma sahne olurken kar\u015f\u0131l\u0131kl\u0131 m\u00fccadelerle ge\u00e7en m\u00fcsabakada gol sesi \u00e7\u0131kmad\u0131 ve iki kadro da alandan birer puanla ayr\u0131ld\u0131.<\/p>\n<p> Bu sonu\u00e7la birlikte Galatasaray, birinci devre rakibini 3-1 yendi\u011fi i\u00e7in Fenerbah\u00e7e&#8217;ye kar\u015f\u0131 ikili averaj\u0131 eline alm\u0131\u015f oldu.<\/p>\n<p> Ligde Galatasaray 64 puanla liderli\u011fini s\u00fcrd\u00fcr\u00fcrken, Fenerbah\u00e7e 58 puanla ikinci s\u0131rada takibini s\u00fcrd\u00fcrd\u00fc.<\/p>\n<p> Ligin bir sonraki ma\u00e7 haftas\u0131nda Galatasaray deplasmanda Kas\u0131mpa\u015fa&#8217;ya konuk olurken, Fenerbah\u00e7e konutunda Antalyaspor&#8217;u a\u011f\u0131rlayacak.<\/p>\n<p> Trendyol Muhte\u015fem Lig&#8217;in 25. haftas\u0131ndaki derbide Fenerbah\u00e7e&#8217;yi konuk eden Galatasaray&#8217;da teknik y\u00f6netici Okan Buruk, oynad\u0131klar\u0131 son ma\u00e7a nazaran birinci 11&#8217;de 4 de\u011fi\u015fiklik yapt\u0131.<\/p>\n<p> Sar\u0131-k\u0131rm\u0131z\u0131l\u0131 kadro, RAMS Park&#8217;ta oynanan derbiye Fernando Muslera, Przemyslaw Frankowski, Davinson Sanchez, Abd\u00fclkerim Bardakc\u0131, Eren Elmal\u0131, Mario Lemina, Lucas Torreira, Rolanda Sallai, Gabriel Sara, Bar\u0131\u015f Alper Y\u0131lmaz, Victor Osimhen ile \u00e7\u0131kt\u0131.<\/p>\n<p> Galatasaray&#8217;\u0131n yedek kul\u00fcbesinde G\u00fcnay G\u00fcven\u00e7, Kerem Demirbay, Dries Mertens, Yunus Akg\u00fcn, Berkan Kutlu, Ahmed Kutucu, Kaan Ayhan, Elias Jelert, Carlos Cuesta, Yusuf Demir yer ald\u0131.<\/p>\n<p> Okan Buruk, ge\u00e7en hafta i\u00e7inde Hollanda temsilcisi AZ Alkmaar ile yap\u0131lan UEFA Avrupa Ligi son 16 play-off tipi kar\u015f\u0131la\u015fmas\u0131nda birinci 11&#8217;de oynatt\u0131\u011f\u0131 G\u00fcnay G\u00fcven\u00e7, Cuesta, Jelert ve Mertens&#8217;i yede\u011fe \u00e7ekti.<\/p>\n<p> Deneyimli teknik adam, bu oyuncular\u0131n yerine Muslera, Frankowski, Eren Elmal\u0131 ve Lemina&#8217;ya formay\u0131 verdi.<\/p>\n<p><img decoding=\"async\" src=\"https:\/\/haberbesiktas.tr\/wp-content\/uploads\/2025\/04\/merakla-beklenen-derbide-sessiz-sonuc-0-vtKSAEPj.jpg\"\/><\/p>\n<p> <strong>LEMINA VE EREN 11&#8217;DE<\/strong><\/p>\n<p> Galatasaray&#8217;\u0131n orta transferde tak\u0131m\u0131na katt\u0131\u011f\u0131 Mario Lemina ve Eren Elmal\u0131, bu d\u00f6nem birinci defa bir kar\u015f\u0131la\u015fmaya birinci 11&#8217;de ba\u015flad\u0131.<\/p>\n<p> Sar\u0131-k\u0131rm\u0131z\u0131l\u0131 formay\u0131 birinci kere 24. haftadaki \u00c7aykur Rizespor m\u00fcsabakas\u0131nda giyen iki futbolcu, kelam konusu gayretin 2. yar\u0131s\u0131nda oyuna dahil oldu.<\/p>\n<p> <strong>YUNUS KADRODA<\/strong><\/p>\n<p> Galatasaray&#8217;da sakatl\u0131\u011f\u0131 ge\u00e7en Yunus Akg\u00fcn, derbinin tak\u0131m\u0131na dahil edildi.<\/p>\n<p> Sakatl\u0131\u011f\u0131 nedeniyle S\u00fcper Lig&#8217;de 3, UEFA Avrupa Ligi&#8217;nde 2 ve Ziraat T\u00fcrkiye Kupas\u0131&#8217;nda 1 olmak \u00fczere toplam 6 ma\u00e7 ka\u00e7\u0131ran Yunus, Fenerbah\u00e7e derbisinde yedekler ortas\u0131nda yer ald\u0131.<\/p>\n<p> <strong>\u0130LK DERB\u0130<\/strong><\/p>\n<p> Yeni transferler Przemyslaw Frankowski ile Eren Elmal\u0131, birinci kere bir Galatasaray-Fenerbah\u00e7e derbisinde forma giydi.<\/p>\n<p> Sar\u0131-k\u0131rm\u0131z\u0131l\u0131 tak\u0131mda \u00f6b\u00fcr yeni transferler Ahmed Kutucu ve Carlos Cuesta ile tak\u0131mda olmas\u0131na kar\u015f\u0131n daha evvel derbide forma giymeyen kaleci G\u00fcnay G\u00fcven\u00e7 ve Yusuf Demir, yedekler ortas\u0131nda birinci heyecan\u0131 ya\u015famak i\u00e7in bekledi.<\/p>\n<p> <strong>ICARDI TR\u0130B\u00dcNDE<\/strong><\/p>\n<p> Sakatl\u0131\u011f\u0131ndan \u00f6t\u00fcr\u00fc d\u00f6nemi kapatan sar\u0131-k\u0131rm\u0131z\u0131l\u0131 grubun y\u0131ld\u0131z\u0131 Mauro Icardi, RAMS Park&#8217;ta taraftar\u0131 selamlad\u0131.<\/p>\n<p> Kar\u015f\u0131la\u015fma \u00f6ncesinde alana \u00e7\u0131kan Arjantinli futbolcu, kendisiyle \u00f6zde\u015fle\u015fen &#8220;A\u015fk\u0131n olay\u0131m&#8221; m\u00fczi\u011fi e\u015fli\u011finde trib\u00fcnleri gezdi. Taraftarlar, Icardi&#8217;ye b\u00fcy\u00fck sevgi g\u00f6sterisinde bulundu.<\/p>\n<p> <strong>55 YIL SONRA \u0130LK<\/strong><\/p>\n<p> Galatasaray-Fenerbah\u00e7e rekabetinde 55 y\u0131l ortadan sonra bir yabanc\u0131 hakem misyon yapt\u0131.<\/p>\n<p> \u0130ki ekip ortas\u0131nda profesyonel liglerin oynanmaya ba\u015flad\u0131\u011f\u0131 1959&#8217;dan bu yana yap\u0131lan 17 derbide yabanc\u0131 hakem d\u00fcd\u00fck \u00e7ald\u0131. Son olarak 26 Nisan 1970&#8217;te Fenerbah\u00e7e&#8217;nin mesken sahipli\u011finde oynanan derbide yabanc\u0131 hakem d\u00fcd\u00fck \u00e7ald\u0131. Kelam konusu derbiden 55 y\u0131l sonra gruplar yabanc\u0131 hakem y\u00f6netiminde ma\u00e7a \u00e7\u0131kt\u0131.<\/p>\n<p> M\u00fcsabakada Sloven hakem Slavko Vincic d\u00fcd\u00fck \u00e7ald\u0131. Vincic&#8217;in yard\u0131mc\u0131l\u0131klar\u0131n\u0131 Tomaz Klancnik ile Andraz Kovacic yaparken d\u00f6rd\u00fcnc\u00fc hakemlik misyonunu Kadir Sa\u011flam \u00fcstlendi.<\/p>\n<p> <strong>BARI\u015e ALPER&#8217;E \u00d6ZEL \u00d6D\u00dcL<\/strong><\/p>\n<p> Galatasaray formas\u0131yla ligde 100&#8217;den fazla ma\u00e7a \u00e7\u0131kan Bar\u0131\u015f Alper Y\u0131lmaz&#8217;a plaket verildi.<\/p>\n<p> Sar\u0131-k\u0131rm\u0131z\u0131l\u0131 formay\u0131 22. haftadaki Gaziantep FK kar\u015f\u0131la\u015fmas\u0131nda 100. kere terleten ulusal futbolcuya, kul\u00fcp ikinci ba\u015fkan\u0131 Metin \u00d6zt\u00fcrk taraf\u0131ndan derbi \u00f6ncesi plaket ve 100 numaral\u0131 forma takdim edildi.<\/p>\n<p> <strong>TARAFTARA UYARI<\/strong><\/p>\n<p> Sar\u0131-k\u0131rm\u0131z\u0131l\u0131 kul\u00fcb\u00fcn idaresi, taraftarlara ma\u00e7 i\u00e7inde yaln\u0131zca ekibi desteklemeleri ve tahriklere kap\u0131lmamalar\u0131 taraf\u0131nda ihtarda bulundu.<\/p>\n<p> Toplumsal medyadan taraftarlar\u0131 i\u00e7in iletiler payla\u015fan Galatasaray Kul\u00fcb\u00fc, ayr\u0131yeten stat d\u0131\u015f\u0131 ve i\u00e7inde bildiriler da\u011f\u0131tt\u0131.<\/p>\n<p> Taraftara verilen ihtar metninde \u015fu tabirler kullan\u0131ld\u0131:<\/p>\n<p> &#8220;Bug\u00fcn d\u00f6nemin en kritik imtihanlar\u0131ndan birine \u00e7\u0131k\u0131yoruz. Galatasaray&#8217;\u0131m\u0131z\u0131n \u015fampiyonluk yolundaki en de\u011ferli viraj\u0131nda alanda oynayacak oyuncular\u0131m\u0131z kadar trib\u00fcndeki bizlerin de konsantrasyonu, iste\u011fi, iste\u011fi ve sa\u011fduyusu \u00e7ok de\u011ferli. Bug\u00fcn muvaffakiyet elde edebilmek i\u00e7in her t\u00fcrl\u00fc provokasyonu yapmaktan \u00e7ekinmeyecek bir tak\u0131mla kar\u015f\u0131 kar\u015f\u0131yay\u0131z. Ma\u00e7 \u00f6ncesinde, s\u0131ras\u0131nda ve sonras\u0131 her f\u0131rsatta kadromuzu, trib\u00fcndeki bizleri tahrik edip kusur yapt\u0131rmaya \u00e7al\u0131\u015facaklar. Bilhassa rakibin alana \u00e7\u0131kt\u0131\u011f\u0131 birinci andan itibaren bizleri provoke etmesine asla m\u00fcsaade vermemeliyiz. Zira bundan beslenmek isteyecekler. Bug\u00fcn toplulu\u011fumuza yap\u0131lan ak\u0131nlar\u0131 durdurma, kurulan tezgahlar\u0131 y\u0131kma g\u00fcn\u00fcd\u00fcr.&#8221;<\/p>\n<p> Bildiride sar\u0131-k\u0131rm\u0131z\u0131l\u0131 taraftarlar i\u00e7in unsurlar halinde yapmas\u0131 gerekenler s\u0131raland\u0131. Ayr\u0131yeten kar\u015f\u0131la\u015fma \u00f6ncesinde s\u0131k s\u0131k ihtar anonsu yap\u0131ld\u0131.<\/p>\n<p> <strong>G\u00dcVENL\u0130K \u00d6NLEMLER\u0130<\/strong><\/p>\n<p> \u0130stanbul Emniyet M\u00fcd\u00fcrl\u00fc\u011f\u00fc, derbi i\u00e7in geni\u015f g\u00fcvenlik tedbirleri ald\u0131.<\/p>\n<p> Galatasaray ile Fenerbah\u00e7e&#8217;nin RAMS Park&#8217;ta kar\u015f\u0131 kar\u015f\u0131ya geldi\u011fi kar\u015f\u0131la\u015fma i\u00e7in \u0130stanbul genelinde 32 bin emniyet i\u015f\u00e7isi misyon yapt\u0131.<\/p>\n<p> Ma\u00e7ta polisler, trib\u00fcnle saha ortas\u0131na adeta g\u00fcvenlik duvar\u0131 \u00f6rd\u00fc.<\/p>\n<p> <strong>KAPALI G\u0130\u015eE<\/strong><\/p>\n<p> Sar\u0131-k\u0131rm\u0131z\u0131l\u0131 taraftarlar, derbi i\u00e7in sat\u0131\u015fa sunulan t\u00fcm biletleri t\u00fcketti.<\/p>\n<p> RAMS Park&#8217;ta dolu trib\u00fcnler \u00f6n\u00fcnde yap\u0131lan kar\u015f\u0131la\u015fmay\u0131 yakla\u015f\u0131k 50 bin sar\u0131-k\u0131rm\u0131z\u0131l\u0131, 2 bin 500 de sar\u0131-lacivertli taraftar izledi.<\/p>\n<p> <strong>YABANCI BASIN AKINI<\/strong><\/p>\n<p> T\u00fcrkiye&#8217;nin d\u00fcnya futbolunda en \u00e7ok ilgi \u00e7eken kar\u015f\u0131la\u015fmas\u0131 olan derbi i\u00e7in 25 yabanc\u0131 bas\u0131n mensubu izledi.<\/p>\n<p> T\u00fcrkiye Spor Muharrirleri Derne\u011fi arac\u0131l\u0131\u011f\u0131yla derbi i\u00e7in Fransa, \u0130sve\u00e7, Almanya, Avusturya, \u0130ngiltere, Hollanda, Filistin, Kuzey K\u0131br\u0131s T\u00fcrk Cumhuriyeti, \u0130ran, \u0130spanya, Romanya ve Danimarka&#8217;dan toplamda 25 muhabir, foto muhabiri ve kameraman akreditasyon yapt\u0131rd\u0131.<\/p>\n<p> Trendyol Muhte\u015fem Lig&#8217;in 25. haftas\u0131ndaki derbide Galatasaray&#8217;a konuk olan Fenerbah\u00e7e&#8217;de teknik y\u00f6netici Jose Mourinho, UEFA Avrupa Ligi&#8217;nde son oynad\u0131klar\u0131 Anderlecht ma\u00e7\u0131n\u0131n birinci 11&#8217;ine nazaran tak\u0131mda 2 de\u011fi\u015fikli\u011fe gitti.<\/p>\n<p> Tecr\u00fcbeli teknik adam, Anderlecht kar\u015f\u0131la\u015fmas\u0131nda birinci 11&#8217;de g\u00f6revlendirdi\u011fi Bright Osayi-Samuel ve Sofyan Amrabat&#8217;\u0131 yede\u011fe \u00e7ekti.<\/p>\n<p> Portekizli \u00e7al\u0131\u015ft\u0131r\u0131c\u0131, Galatasaray derbisinde bu isimlerin yerlerine O\u011fuz Ayd\u0131n ile \u00c7a\u011flar S\u00f6y\u00fcnc\u00fc&#8217;y\u00fc birinci 11&#8217;de forma verdi.<\/p>\n<p> Fenerbah\u00e7e, derbiye \u0130rfan Can E\u011fribayat, Milan Skriniar, \u00c7a\u011flar S\u00f6y\u00fcnc\u00fc, Yusuf Ak\u00e7i\u00e7ek, O\u011fuz Ayd\u0131n, Fred Rodrigues, Sebastian Szymanski, Filip Kostic, Dusan Tadic, Edin Dzeko ve Youssef En-Nesyri ile ba\u015flad\u0131.<\/p>\n<p> Sar\u0131-lacivertlilerde Dominik Livakovic, Ertu\u011frul \u00c7etin, Alexander Djiku, Mert M\u00fcld\u00fcr, Bright Osayi-Samuel, Mert Hakan Yanda\u015f, \u0130rfan Can Kahveci, Sofyan Amrabat, Anderson Talisca ve Cenk Tosun ise ma\u00e7a yedek soyundu.<\/p>\n<p> <strong>\u00c7A\u011eLAR 11&#8217;DE<\/strong><\/p>\n<p> Fenerbah\u00e7e&#8217;nin sakatl\u0131ktan yeni \u00e7\u0131kan savunma oyuncular\u0131 \u00c7a\u011flar S\u00f6y\u00fcnc\u00fc ve Alexander Djiku, derbide tak\u0131ma dahil edildi.<\/p>\n<p> Ulusal stoper \u00c7a\u011flar S\u00f6y\u00fcnc\u00fc kar\u015f\u0131la\u015fmaya birinci 11&#8217;de ba\u015flarken, Alexander Djiku yedekler ortas\u0131nda yer ald\u0131.<\/p>\n<p> Sakatl\u0131\u011f\u0131n\u0131n akabinde ligdeki Kas\u0131mpa\u015fa ile UEFA Avrupa Ligi&#8217;ndeki Anderlecht ma\u00e7\u0131nda misyon alamayan \u00c7a\u011flar, ligde son olarak Alanyaspor kar\u015f\u0131la\u015fmas\u0131nda forma giymi\u015fti.<\/p>\n<p> Son olarak T\u00fcrkiye Kupas\u0131&#8217;nda Erzurumspor&#8217;a kar\u015f\u0131 forma giyen Djiku ise ligde Alanyaspor ve Kas\u0131mpa\u015fa ma\u00e7lar\u0131 ile UEFA Avrupa Ligi&#8217;nde Anderlecht kar\u015f\u0131la\u015fmas\u0131nda grubunu yaln\u0131z b\u0131rakm\u0131\u015ft\u0131.<\/p>\n<p> <strong>LIVAKOVIC KADRODA<\/strong><\/p>\n<p> Fenerbah\u00e7e&#8217;nin tecr\u00fcbeli file bek\u00e7isi Dominik Livakovic, 10 ma\u00e7 ortan\u0131n akabinde tak\u0131ma girdi.<\/p>\n<p> Son olarak 13 Ocak tarihinde Konyaspor deplasman\u0131nda forma giyen H\u0131rvat kaleci, ard\u0131ndan ligde 5, kupada 1 ve Avrupa&#8217;da 4 kar\u015f\u0131la\u015fmay\u0131 ka\u00e7\u0131rd\u0131.<\/p>\n<p> Yakla\u015f\u0131k 1,5 ay sonra formas\u0131na kavu\u015fan Livakovic, \u00e7abaya yedek kul\u00fcbesinde ba\u015flad\u0131.<\/p>\n<p> <strong>4 EKS\u0130K<\/strong><\/p>\n<p> Fenerbah\u00e7e, kuvvetli Galatasaray deplasman\u0131nda 4 oyuncusundan faydalanamad\u0131.<\/p>\n<p> Sar\u0131-lacivertlilerde sakatl\u0131klar\u0131 s\u00fcren \u0130smail Y\u00fcksek ile Diego Carlos&#8217;un yan\u0131 s\u0131ra yabanc\u0131 kontenjan\u0131 sebebiyle Allan Saint-Maximin \u015fiddetli kar\u015f\u0131la\u015fman\u0131n tak\u0131m\u0131nda almad\u0131.<\/p>\n<p> Bu isimlerin d\u0131\u015f\u0131nda Levent Mercan da teknik heyet karar\u0131yla tak\u0131ma al\u0131nmad\u0131.<\/p>\n<p> <strong>MERT HAKAN&#8217;A TEPK\u0130<\/strong><\/p>\n<p> Galatasarayl\u0131 taraftarlar, Fenerbah\u00e7e&#8217;nin kadro kaptanlar\u0131ndan Mert Hakan Yanda\u015f&#8217;a reaksiyon g\u00f6sterdi.<\/p>\n<p> Sar\u0131-lacivertli kadronun alana \u00e7\u0131kt\u0131\u011f\u0131 s\u0131rada Galatasaray trib\u00fcnleri, Mert Hakan aleyhinde tezah\u00fcratta bulundu.<\/p>\n<p> <strong>FENERBAH\u00c7EL\u0130LER TR\u0130B\u00dcNDE<\/strong><\/p>\n<p> Fenerbah\u00e7eli taraftarlar, Galatasaray derbisinde kadrolar\u0131n\u0131 yaln\u0131z b\u0131rakmad\u0131.<\/p>\n<p> Statta kendileri i\u00e7in ayr\u0131lan trib\u00fcn\u00fc dolduran sar\u0131-lacivertli taraftarlar, tezah\u00fcratlarla kadrolar\u0131na dayanakta bulundu.<\/p>\n<p><img decoding=\"async\" src=\"https:\/\/haberbesiktas.tr\/wp-content\/uploads\/2025\/04\/merakla-beklenen-derbide-sessiz-sonuc-1-tv1E2BGz.jpg\"\/><\/p>\n<p> <strong>SELAMLA\u015eMADILAR<\/strong><\/p>\n<p> T\u00fcrkiye&#8217;nin merakla bekledi\u011fi Galatasaray &#8211; Fenerbah\u00e7e derbisi \u00f6ncesinde iki grup oyuncular\u0131ndan \u00e7arp\u0131c\u0131 bir davran\u0131\u015f geldi.<\/p>\n<p> \u0130stiklal Mar\u015f\u0131&#8217;n\u0131n akabinde iki kadro oyuncular\u0131n\u0131n birbirleriyle el s\u0131k\u0131\u015fmadan alana da\u011f\u0131ld\u0131\u011f\u0131 ve ma\u00e7 \u00f6ncesinde birbirlerine muvaffakiyetler dilemedikleri g\u00f6r\u00fcld\u00fc.<\/p>\n<p> Bu manzaralar toplumsal medyada b\u00fcy\u00fck bir \u015fa\u015fk\u0131nl\u0131kla kar\u015f\u0131land\u0131.<\/p>\n<p> <strong>FENERBAH\u00c7E ATTI LAK\u0130N FAUL VER\u0130LD\u0130<\/strong><\/p>\n<p> Fenerbah\u00e7e ma\u00e7\u0131n 12. dakikas\u0131nda Galatasaray kar\u015f\u0131s\u0131nda \u00f6ne ge\u00e7ti lakin konum \u00f6ncesinde faul oldu\u011fu gerek\u00e7esiyle gol iptal edildi.<\/p>\n<p> Sol kanattan Kostic&#8217;in yapt\u0131\u011f\u0131 ortaya Szymanski hareketlendi ve Muslera ile \u00e7arp\u0131\u015ft\u0131.<\/p>\n<p> Muslera&#8217;n\u0131n yerde oldu\u011fu esnada O\u011fuz Ayd\u0131n \u00f6n\u00fcnde kalan topu bo\u015f a\u011flara g\u00f6nderdi lakin hakem Slavko Vincic gol\u00fc iptal etti.<\/p>\n<p> Konumun akabinde Szymanski&#8217;nin yapt\u0131\u011f\u0131 hareketin faul oldu\u011fu s\u00f6z eden Vincic, VAR&#8217;dan konum i\u00e7in onay ald\u0131 ve faul karar\u0131nda kald\u0131.<\/p>\n<p> <strong>GERG\u0130N ANLAR: OSIMHEN &#8211; MERT HAKAN<\/strong><\/p>\n<p> Galatasaray &#8211; Fenerbah\u00e7e derbisinde 33. dakikada sonlar gerildi.<\/p>\n<p> Victor Osimhen, Yusuf Ak\u00e7i\u00e7ek ile girdi\u011fi ikili \u00e7abada yerde kald\u0131. Osimhen ve Galatasaray yedek kul\u00fcbesi penalt\u0131 bekledi.<\/p>\n<p> Hakem Vincic, VAR&#8217;\u0131 bir m\u00fcddet dinledikten sonra oyunun devam etmesini istedi. Bu s\u0131rada Osimhen ile Fenerbah\u00e7e yedek kul\u00fcbesineki Mert Hakan kelaml\u0131 dala\u015fa girdi. Osimhen, Mert Hakan&#8217;a sus i\u015fareti yapt\u0131.<\/p>\n<p> Yedek kul\u00fcbelerinin de tart\u0131\u015fmaya dahil olmas\u0131n\u0131n akabinde iki grubun idari menajerleri sar\u0131 kart g\u00f6rd\u00fc.<\/p>\n<p> <strong>OYUN DURDU<\/strong><\/p>\n<p> Fenerbah\u00e7e trib\u00fcnleri, derbinin 52. dakikas\u0131nda yak\u0131lan me\u015faleleri Galatasaray trib\u00fcnlerinin \u00fcst\u00fcne att\u0131. Hakem Slavko Vincic, \u00e7abay\u0131 yakla\u015f\u0131k 2 dakika durdurdu ve olaylar\u0131n ola\u011fana d\u00f6nmesini bekledi. Emniyet, me\u015falelerin s\u00f6nd\u00fcr\u00fclmesini sa\u011flad\u0131.<\/p>\n<p> <strong>FENERBAH\u00c7E GOLE YAKLA\u015eTI<\/strong><\/p>\n<p> Ma\u00e7\u0131n 67. dakikas\u0131nda Fenerbah\u00e7e gole yakla\u015ft\u0131. Kostic&#8217;in ortas\u0131nda Alexander Djiku kafay\u0131 vurdu, Muslera topu iki at\u0131l\u0131mda zahmetle kurtard\u0131.<\/p>\n<p><strong>MA\u00c7TAN DAK\u0130KALAR (\u0130LK YARI)<\/strong><\/p>\n<p><span>5. dakikada Kostic&#8217;in sol kanattan i\u00e7eriye \u00e7evirdi\u011fi me\u015fin yuvarla\u011fa Sanchez m\u00fcdahale etti. Lemina&#8217;n\u0131n uzakla\u015ft\u0131rmaya \u00e7al\u0131\u015ft\u0131\u011f\u0131 me\u015fin yuvarlak En-Nesyri&#8217;nin \u00f6n\u00fcnde kald\u0131. Bu oyuncunun ceza alan\u0131 sa\u011f \u00e7apraz\u0131ndan yapt\u0131\u011f\u0131 vuru\u015fta, top \u00fcstten auta \u00e7\u0131kt\u0131.<\/span><\/p>\n<\/div>\n<p><\/p>\n","protected":false},"excerpt":{"rendered":"<p>Trendyol \u00dcst\u00fcn Lig&#8217;in 25. haftas\u0131nda oynanan derbide Galatasaray ile Fenerbah\u00e7e 0-0 berabere kald\u0131.<\/p>\n","protected":false},"author":1,"featured_media":22847,"comment_status":"open","ping_status":"open","sticky":false,"template":"","format":"standard","meta":{"footnotes":""},"categories":[25],"tags":[1956,115,623,129,50],"class_list":["post-22846","post","type-post","status-publish","format-standard","has-post-thumbnail","hentry","category-futbol","tag-derbi","tag-fenerbahce","tag-forma","tag-galatasaray","tag-mac"],"_links":{"self":[{"href":"https:\/\/haberbesiktas.tr\/index.php?rest_route=\/wp\/v2\/posts\/22846","targetHints":{"allow":["GET"]}}],"collection":[{"href":"https:\/\/haberbesiktas.tr\/index.php?rest_route=\/wp\/v2\/posts"}],"about":[{"href":"https:\/\/haberbesiktas.tr\/index.php?rest_route=\/wp\/v2\/types\/post"}],"author":[{"embeddable":true,"href":"https:\/\/haberbesiktas.tr\/index.php?rest_route=\/wp\/v2\/users\/1"}],"replies":[{"embeddable":true,"href":"https:\/\/haberbesiktas.tr\/index.php?rest_route=%2Fwp%2Fv2%2Fcomments&post=22846"}],"version-history":[{"count":1,"href":"https:\/\/haberbesiktas.tr\/index.php?rest_route=\/wp\/v2\/posts\/22846\/revisions"}],"predecessor-version":[{"id":22850,"href":"https:\/\/haberbesiktas.tr\/index.php?rest_route=\/wp\/v2\/posts\/22846\/revisions\/22850"}],"wp:featuredmedia":[{"embeddable":true,"href":"https:\/\/haberbesiktas.tr\/index.php?rest_route=\/wp\/v2\/media\/22847"}],"wp:attachment":[{"href":"https:\/\/haberbesiktas.tr\/index.php?rest_route=%2Fwp%2Fv2%2Fmedia&parent=22846"}],"wp:term":[{"taxonomy":"category","embeddable":true,"href":"https:\/\/haberbesiktas.tr\/index.php?rest_route=%2Fwp%2Fv2%2Fcategories&post=22846"},{"taxonomy":"post_tag","embeddable":true,"href":"https:\/\/haberbesiktas.tr\/index.php?rest_route=%2Fwp%2Fv2%2Ftags&post=22846"}],"curies":[{"name":"wp","href":"https:\/\/api.w.org\/{rel}","templated":true}]}}