{"id":22851,"date":"2025-04-23T14:24:11","date_gmt":"2025-04-23T14:24:11","guid":{"rendered":"https:\/\/haberbesiktas.tr\/?p=22851"},"modified":"2025-04-23T14:24:11","modified_gmt":"2025-04-23T14:24:11","slug":"mario-lemina-puan-farki-7","status":"publish","type":"post","link":"https:\/\/haberbesiktas.tr\/?p=22851","title":{"rendered":"Mario Lemina: &#8220;Puan fark\u0131 7!&#8221;"},"content":{"rendered":"<div>Galatasaray&#8217;\u0131n Gabonlu y\u0131ld\u0131z\u0131 Mario Lemina, Fenerbah\u00e7e derbisinin akabinde a\u00e7\u0131klamalarda bulundu.<\/p>\n<p>M\u00fccadeleyi pahaland\u0131ran Lemina, &#8220;<strong>Derbiler g\u00fc\u00e7 oluyor, topu \u00e2l\u00e2 kullanmam\u0131z gerekiyordu. Oyun kurulumunda \u00e7abuk etmememiz gerekiyordu. Bundan sonra 7 puan \u00f6ndeyiz. \u00d6n\u00fcm\u00fcze bakaca\u011f\u0131z.<\/strong>&#8221; tabirlerini kulland\u0131.<\/p>\n<p>Lemina, &#8220;<strong>Taraftar da gelmemi \u00e7ok istemi\u015fti. Onlar i\u00e7in oynayabildi\u011fim i\u00e7in \u00e7ok memnunum. Ben hileci de\u011filim, elimden geleni her vakit yapar\u0131m. Hem onlar\u0131n hem de ekibin benimle gurur duymas\u0131n\u0131 istiyorum.<\/strong>&#8221; kelamlar\u0131yla konu\u015fmas\u0131n\u0131 s\u00fcrd\u00fcrd\u00fc.<\/p>\n<p><span><strong>&#8220;TAR\u0130H YAZMAK \u0130STED\u0130K&#8221;<\/strong><\/span><\/p>\n<p>Gabonlu y\u0131ld\u0131z, &#8220;<strong>Tak\u0131m olarak \u00e7ok uygunduk. \u00c7ok istedim ve en d\u00fczg\u00fcn\u00fcn\u00fc yapmaya \u00e7al\u0131\u015ft\u0131m. Daha uygun denetim edebilirdik ma\u00e7\u0131. Tarih yazmak istedik ve elimizden geleni yapt\u0131k<\/strong>.&#8221; kelamlar\u0131yla konu\u015fmas\u0131n\u0131 noktalad\u0131.<\/p>\n<p>https:\/\/twitter.com\/sporx\/status\/1894102207684911515<\/p>\n<\/p><\/div>\n<p><\/p>\n","protected":false},"excerpt":{"rendered":"<p>Galatasaray&#8217;\u0131n orta alandaki y\u0131ld\u0131z\u0131 Mario Lemina, Fenerbah\u00e7e derbisinin akabinde konu\u015ftu.<\/p>\n","protected":false},"author":1,"featured_media":22853,"comment_status":"open","ping_status":"open","sticky":false,"template":"","format":"standard","meta":{"footnotes":""},"categories":[25],"tags":[],"class_list":["post-22851","post","type-post","status-publish","format-standard","has-post-thumbnail","hentry","category-futbol"],"_links":{"self":[{"href":"https:\/\/haberbesiktas.tr\/index.php?rest_route=\/wp\/v2\/posts\/22851","targetHints":{"allow":["GET"]}}],"collection":[{"href":"https:\/\/haberbesiktas.tr\/index.php?rest_route=\/wp\/v2\/posts"}],"about":[{"href":"https:\/\/haberbesiktas.tr\/index.php?rest_route=\/wp\/v2\/types\/post"}],"author":[{"embeddable":true,"href":"https:\/\/haberbesiktas.tr\/index.php?rest_route=\/wp\/v2\/users\/1"}],"replies":[{"embeddable":true,"href":"https:\/\/haberbesiktas.tr\/index.php?rest_route=%2Fwp%2Fv2%2Fcomments&post=22851"}],"version-history":[{"count":1,"href":"https:\/\/haberbesiktas.tr\/index.php?rest_route=\/wp\/v2\/posts\/22851\/revisions"}],"predecessor-version":[{"id":22854,"href":"https:\/\/haberbesiktas.tr\/index.php?rest_route=\/wp\/v2\/posts\/22851\/revisions\/22854"}],"wp:featuredmedia":[{"embeddable":true,"href":"https:\/\/haberbesiktas.tr\/index.php?rest_route=\/wp\/v2\/media\/22853"}],"wp:attachment":[{"href":"https:\/\/haberbesiktas.tr\/index.php?rest_route=%2Fwp%2Fv2%2Fmedia&parent=22851"}],"wp:term":[{"taxonomy":"category","embeddable":true,"href":"https:\/\/haberbesiktas.tr\/index.php?rest_route=%2Fwp%2Fv2%2Fcategories&post=22851"},{"taxonomy":"post_tag","embeddable":true,"href":"https:\/\/haberbesiktas.tr\/index.php?rest_route=%2Fwp%2Fv2%2Ftags&post=22851"}],"curies":[{"name":"wp","href":"https:\/\/api.w.org\/{rel}","templated":true}]}}