{"id":22855,"date":"2025-04-23T14:36:06","date_gmt":"2025-04-23T14:36:06","guid":{"rendered":"https:\/\/haberbesiktas.tr\/?p=22855"},"modified":"2025-04-23T14:36:06","modified_gmt":"2025-04-23T14:36:06","slug":"fred-elbette-mutlu-degiliz","status":"publish","type":"post","link":"https:\/\/haberbesiktas.tr\/?p=22855","title":{"rendered":"Fred: &#8220;Elbette mutlu de\u011filiz!&#8221;"},"content":{"rendered":"<div>Fenerbah\u00e7e&#8217;nin Brezilyal\u0131 y\u0131ld\u0131z\u0131 Fred, Galatasaray derbisinin akabinde a\u00e7\u0131klamalarda bulundu.<\/p>\n<p> Brezilyal\u0131 oyuncu, &#8220;Elbette memnun de\u011filiz, buraya kazanmak i\u00e7in gelmi\u015ftik. Bana nazaran yeterli oynad\u0131k, geli\u015ftirmemiz gereken noktalar da vard\u0131. Rakibe \u00e7ok f\u0131rsat vermedik. Konutumuza \u00fczg\u00fcn bir bi\u00e7imde d\u00f6n\u00fcyoruz. Kazanabilirdik, art\u0131k ba\u015f\u0131m\u0131z\u0131 kald\u0131raca\u011f\u0131z. \u00c7ok de\u011ferli ma\u00e7lar oynayaca\u011f\u0131z ve kazanmak durumunday\u0131z.&#8221; tabirlerini kulland\u0131.<\/p>\n<p> <span><strong>&#8220;B\u00dcY\u00dcK B\u0130R SAVA\u015e VERD\u0130K!&#8221;<\/strong><\/span><\/p>\n<p> Fred, &#8220;Ma\u00e7 i\u00e7erisinde uygun bir oyun ortaya koyduk. \u00d6nde bask\u0131 yapmaya \u00e7al\u0131\u015ft\u0131k. Final paslar\u0131nda eksiklerimiz vard\u0131. Orta alanda b\u00fcy\u00fck bir sava\u015f verdik. Her topu kazanmaya \u00e7al\u0131\u015ft\u0131k. Onlarda da, bizde de kaliteli oyuncular var. Maalesef yaratt\u0131\u011f\u0131m\u0131z konumlar\u0131 de\u011ferlendiremedik.&#8221; kelamlar\u0131yla konu\u015fmas\u0131n\u0131 noktalad\u0131.<\/p>\n<\/div>\n<p><\/p>\n","protected":false},"excerpt":{"rendered":"<p>Fenerbah\u00e7eli Fred, Galatasaray ile oynad\u0131klar\u0131 ve 0-0 biten derbinin akabinde konu\u015ftu.<\/p>\n","protected":false},"author":1,"featured_media":22856,"comment_status":"open","ping_status":"open","sticky":false,"template":"","format":"standard","meta":{"footnotes":""},"categories":[25],"tags":[],"class_list":["post-22855","post","type-post","status-publish","format-standard","has-post-thumbnail","hentry","category-futbol"],"_links":{"self":[{"href":"https:\/\/haberbesiktas.tr\/index.php?rest_route=\/wp\/v2\/posts\/22855","targetHints":{"allow":["GET"]}}],"collection":[{"href":"https:\/\/haberbesiktas.tr\/index.php?rest_route=\/wp\/v2\/posts"}],"about":[{"href":"https:\/\/haberbesiktas.tr\/index.php?rest_route=\/wp\/v2\/types\/post"}],"author":[{"embeddable":true,"href":"https:\/\/haberbesiktas.tr\/index.php?rest_route=\/wp\/v2\/users\/1"}],"replies":[{"embeddable":true,"href":"https:\/\/haberbesiktas.tr\/index.php?rest_route=%2Fwp%2Fv2%2Fcomments&post=22855"}],"version-history":[{"count":1,"href":"https:\/\/haberbesiktas.tr\/index.php?rest_route=\/wp\/v2\/posts\/22855\/revisions"}],"predecessor-version":[{"id":22857,"href":"https:\/\/haberbesiktas.tr\/index.php?rest_route=\/wp\/v2\/posts\/22855\/revisions\/22857"}],"wp:featuredmedia":[{"embeddable":true,"href":"https:\/\/haberbesiktas.tr\/index.php?rest_route=\/wp\/v2\/media\/22856"}],"wp:attachment":[{"href":"https:\/\/haberbesiktas.tr\/index.php?rest_route=%2Fwp%2Fv2%2Fmedia&parent=22855"}],"wp:term":[{"taxonomy":"category","embeddable":true,"href":"https:\/\/haberbesiktas.tr\/index.php?rest_route=%2Fwp%2Fv2%2Fcategories&post=22855"},{"taxonomy":"post_tag","embeddable":true,"href":"https:\/\/haberbesiktas.tr\/index.php?rest_route=%2Fwp%2Fv2%2Ftags&post=22855"}],"curies":[{"name":"wp","href":"https:\/\/api.w.org\/{rel}","templated":true}]}}