{"id":22858,"date":"2025-04-23T14:48:10","date_gmt":"2025-04-23T14:48:10","guid":{"rendered":"https:\/\/haberbesiktas.tr\/?p=22858"},"modified":"2025-04-23T14:48:10","modified_gmt":"2025-04-23T14:48:10","slug":"saint-maximinden-mac-sonu-flas-paylasim","status":"publish","type":"post","link":"https:\/\/haberbesiktas.tr\/?p=22858","title":{"rendered":"Saint-Maximin&#8217;den ma\u00e7 sonu fla\u015f payla\u015f\u0131m"},"content":{"rendered":"<div>Fenerbah\u00e7eli futbolcu Allan Saint-Maximin, 0-0 biten Galatasaray derbisinin akabinde \u00e7arp\u0131c\u0131 bir payla\u015f\u0131mda bulundu.<\/p>\n<p>Instagram \u00fczerinden payla\u015f\u0131mda bulunan Frans\u0131z futbolcu, &#8220;Mood&#8221; yazarak \u00fczg\u00fcn h\u0131z emojisini kulland\u0131.<\/p>\n<p>Saint-Maximin&#8217;in bu payla\u015f\u0131m\u0131 Fenerbah\u00e7eli taraftarlar\u0131n ilgisini g\u00f6rd\u00fc.<\/p>\n<p><strong><img decoding=\"async\" src=\"https:\/\/haberbesiktas.tr\/wp-content\/uploads\/2025\/04\/saint-maximinden-mac-sonu-flas-paylasim-0-8e5XnH76.jpg\"\/><\/p>\n<p>NE OLMU\u015eTU?<\/strong><\/p>\n<p>Devre ortas\u0131nda Napoli&#8217;ye olan transferi son anda iptal olan Frans\u0131z oyuncu, ikinci devrede Fenerbah\u00e7e formas\u0131yla \u015fimdi alana \u00e7\u0131kamad\u0131.<\/p>\n<p>Saint-Maximin, Galatasaray derbisinde ise ma\u00e7 tak\u0131m\u0131na al\u0131nmad\u0131.<\/p><\/div>\n<p><\/p>\n","protected":false},"excerpt":{"rendered":"<p>Fenerbah\u00e7eli futbolcu Allan Saint-Maximin, 0-0 biten Galatasaray derbisinin akabinde \u00e7arp\u0131c\u0131 bir payla\u015f\u0131mda bulundu.<\/p>\n","protected":false},"author":1,"featured_media":22859,"comment_status":"open","ping_status":"open","sticky":false,"template":"","format":"standard","meta":{"footnotes":""},"categories":[25],"tags":[],"class_list":["post-22858","post","type-post","status-publish","format-standard","has-post-thumbnail","hentry","category-futbol"],"_links":{"self":[{"href":"https:\/\/haberbesiktas.tr\/index.php?rest_route=\/wp\/v2\/posts\/22858","targetHints":{"allow":["GET"]}}],"collection":[{"href":"https:\/\/haberbesiktas.tr\/index.php?rest_route=\/wp\/v2\/posts"}],"about":[{"href":"https:\/\/haberbesiktas.tr\/index.php?rest_route=\/wp\/v2\/types\/post"}],"author":[{"embeddable":true,"href":"https:\/\/haberbesiktas.tr\/index.php?rest_route=\/wp\/v2\/users\/1"}],"replies":[{"embeddable":true,"href":"https:\/\/haberbesiktas.tr\/index.php?rest_route=%2Fwp%2Fv2%2Fcomments&post=22858"}],"version-history":[{"count":1,"href":"https:\/\/haberbesiktas.tr\/index.php?rest_route=\/wp\/v2\/posts\/22858\/revisions"}],"predecessor-version":[{"id":22861,"href":"https:\/\/haberbesiktas.tr\/index.php?rest_route=\/wp\/v2\/posts\/22858\/revisions\/22861"}],"wp:featuredmedia":[{"embeddable":true,"href":"https:\/\/haberbesiktas.tr\/index.php?rest_route=\/wp\/v2\/media\/22859"}],"wp:attachment":[{"href":"https:\/\/haberbesiktas.tr\/index.php?rest_route=%2Fwp%2Fv2%2Fmedia&parent=22858"}],"wp:term":[{"taxonomy":"category","embeddable":true,"href":"https:\/\/haberbesiktas.tr\/index.php?rest_route=%2Fwp%2Fv2%2Fcategories&post=22858"},{"taxonomy":"post_tag","embeddable":true,"href":"https:\/\/haberbesiktas.tr\/index.php?rest_route=%2Fwp%2Fv2%2Ftags&post=22858"}],"curies":[{"name":"wp","href":"https:\/\/api.w.org\/{rel}","templated":true}]}}