{"id":22868,"date":"2025-04-23T15:24:07","date_gmt":"2025-04-23T15:24:07","guid":{"rendered":"https:\/\/haberbesiktas.tr\/?p=22868"},"modified":"2025-04-23T15:24:07","modified_gmt":"2025-04-23T15:24:07","slug":"muslera-igneleyici-bir-derbi","status":"publish","type":"post","link":"https:\/\/haberbesiktas.tr\/?p=22868","title":{"rendered":"Muslera: &#8220;\u0130\u011fneleyici bir derbi!&#8221;"},"content":{"rendered":"<div>Galatasaray&#8217;\u0131n Uruguayl\u0131 kaptan\u0131 Fernando Muslera, 0-0 biten Fenerbah\u00e7e derbisinin akabinde a\u00e7\u0131klamalarda bulundu.<\/p>\n<p> \u00c7abay\u0131 ve \u015fampiyonluk yar\u0131\u015f\u0131n\u0131 k\u0131ymetlendiren Muslera, &#8220;\u00c7o\u011fu derbide oldu\u011fu \u00fczere kapal\u0131 bir oyun. Fark\u0131 devam ettiriyoruz, yolumuza nama\u011flup devam ediyoruz. M\u00fcspetleri al\u0131p, geli\u015ftirmemiz gereken yerleri al\u0131p yolumuza devam edece\u011fiz.&#8221; tabirlerini kulland\u0131.<\/p>\n<p> <strong>&#8220;\u0130\u011eNELEY\u0130C\u0130, MANASI OLAN B\u0130R MA\u00c7!&#8221;<\/strong><\/p>\n<p> Muslera, &#8220;Bu ma\u00e7 \u00e7ok \u015fey ifade ediyor. Lig d\u0131\u015f\u0131nda bas\u0131n i\u00e7in, be\u015ferler i\u00e7in, i\u011fneleyici, manas\u0131 farkl\u0131 olan bir ma\u00e7. Herkes arkada\u015flar\u0131yla birlikte farkl\u0131 hislere kap\u0131labiliyor. Bence bug\u00fcn adil bir sonu\u00e7 oldu.&#8221;\u00a0 dedi.<\/p>\n<p><strong>&#8220;\u0130N\u015eALLAH L\u0130G\u0130 ERKENDEN B\u0130T\u0130REB\u0130L\u0130R\u0130Z&#8221;<\/strong><\/p>\n<p>Tecr\u00fcbeli kaleci, &#8220;Deplasmanda kazan\u0131p burada kaybetmemek \u00e7ok b\u00fcy\u00fck bir \u015fey. \u0130n\u015fallah ligi erkenden bitirebiliriz fakat ma\u00e7 ma\u00e7 gitmemiz gerekiyor. Kalitemiz buna m\u00fcsait.&#8221; kelamlar\u0131yla konu\u015fmas\u0131n\u0131 noktalad\u0131.<\/p>\n<\/div>\n<p><\/p>\n","protected":false},"excerpt":{"rendered":"<p>Galatasaray&#8217;\u0131n kaptan\u0131 Fernando Muslera, 0-0 biten Fenerbah\u00e7e derbisinin akabinde konu\u015ftu.<\/p>\n","protected":false},"author":1,"featured_media":22869,"comment_status":"open","ping_status":"open","sticky":false,"template":"","format":"standard","meta":{"footnotes":""},"categories":[25],"tags":[50],"class_list":["post-22868","post","type-post","status-publish","format-standard","has-post-thumbnail","hentry","category-futbol","tag-mac"],"_links":{"self":[{"href":"https:\/\/haberbesiktas.tr\/index.php?rest_route=\/wp\/v2\/posts\/22868","targetHints":{"allow":["GET"]}}],"collection":[{"href":"https:\/\/haberbesiktas.tr\/index.php?rest_route=\/wp\/v2\/posts"}],"about":[{"href":"https:\/\/haberbesiktas.tr\/index.php?rest_route=\/wp\/v2\/types\/post"}],"author":[{"embeddable":true,"href":"https:\/\/haberbesiktas.tr\/index.php?rest_route=\/wp\/v2\/users\/1"}],"replies":[{"embeddable":true,"href":"https:\/\/haberbesiktas.tr\/index.php?rest_route=%2Fwp%2Fv2%2Fcomments&post=22868"}],"version-history":[{"count":1,"href":"https:\/\/haberbesiktas.tr\/index.php?rest_route=\/wp\/v2\/posts\/22868\/revisions"}],"predecessor-version":[{"id":22870,"href":"https:\/\/haberbesiktas.tr\/index.php?rest_route=\/wp\/v2\/posts\/22868\/revisions\/22870"}],"wp:featuredmedia":[{"embeddable":true,"href":"https:\/\/haberbesiktas.tr\/index.php?rest_route=\/wp\/v2\/media\/22869"}],"wp:attachment":[{"href":"https:\/\/haberbesiktas.tr\/index.php?rest_route=%2Fwp%2Fv2%2Fmedia&parent=22868"}],"wp:term":[{"taxonomy":"category","embeddable":true,"href":"https:\/\/haberbesiktas.tr\/index.php?rest_route=%2Fwp%2Fv2%2Fcategories&post=22868"},{"taxonomy":"post_tag","embeddable":true,"href":"https:\/\/haberbesiktas.tr\/index.php?rest_route=%2Fwp%2Fv2%2Ftags&post=22868"}],"curies":[{"name":"wp","href":"https:\/\/api.w.org\/{rel}","templated":true}]}}