{"id":22871,"date":"2025-04-23T15:36:11","date_gmt":"2025-04-23T15:36:11","guid":{"rendered":"https:\/\/haberbesiktas.tr\/?p=22871"},"modified":"2025-04-23T15:36:11","modified_gmt":"2025-04-23T15:36:11","slug":"trabzonspordan-slavko-vincic-istegi","status":"publish","type":"post","link":"https:\/\/haberbesiktas.tr\/?p=22871","title":{"rendered":"Trabzonspor&#8217;dan Slavko Vincic iste\u011fi"},"content":{"rendered":"<div><span>Trabzonspor; Fenerbah\u00e7e ve Galatasaray ile oynayacaklar\u0131 ma\u00e7lar\u0131 Slavko Vincic&#8217;in y\u00f6netmesini talep etti. <\/span><\/p>\n<p><strong>Kul\u00fcpten yap\u0131lan a\u00e7\u0131klamada;<\/strong><\/p>\n<p>&#8220;Adalet \u0130\u00e7in E\u015fitlik \u0130stiyoruz! Futbolun adaletini korumak, rekabetin e\u015fit ve adil kaidelerde s\u00fcrd\u00fcr\u00fclmesini sa\u011flamak, sporun ruhuna uygun bir bi\u00e7imde alanda eme\u011fin kar\u015f\u0131l\u0131\u011f\u0131n\u0131n verilmesini temin etmek, t\u00fcm payda\u015flar\u0131n ortak sorumlulu\u011fudur.<\/p>\n<p> Bu do\u011frultuda, kritik m\u00fcsabakalarda ma\u00e7\u0131n sonucuna direkt tesir edebilecek yanl\u0131\u015flar\u0131n \u00f6n\u00fcne ge\u00e7mek ismine, deplasmanda oynayaca\u011f\u0131m\u0131z Fenerbah\u00e7e ve konutumuzda oynayaca\u011f\u0131m\u0131z Galatasaray ma\u00e7lar\u0131nda; deneyimli ve en de\u011ferlisi hakkaniyetli bir idare sergileyece\u011fine inand\u0131\u011f\u0131m\u0131z Slavko Vincic&#8217;in vazife almas\u0131n\u0131 talep ediyoruz.<\/p>\n<p> T\u00fcrkiye Futbol Federasyonu&#8217;nu, futbolun adil y\u00f6netilmesi ismine gerekli ad\u0131mlar\u0131 atmaya ve bu kritik \u00e7abalar\u0131n, sporun ruhuna uygun bir bi\u00e7imde y\u00f6netilmesini sa\u011flamak i\u00e7in sorumluluk almaya davet ediyoruz.<\/p>\n<p> Kamuoyuna h\u00fcrmetle duyurulur.&#8221;<\/p>\n<\/div>\n<p><\/p>\n","protected":false},"excerpt":{"rendered":"<p>Trabzonspor; Fenerbah\u00e7e ve Galatasaray ile oynayacaklar\u0131 ma\u00e7lar\u0131 Slavko Vincic&#8217;in y\u00f6netmesini talep etti.<\/p>\n","protected":false},"author":1,"featured_media":22872,"comment_status":"open","ping_status":"open","sticky":false,"template":"","format":"standard","meta":{"footnotes":""},"categories":[25],"tags":[],"class_list":["post-22871","post","type-post","status-publish","format-standard","has-post-thumbnail","hentry","category-futbol"],"_links":{"self":[{"href":"https:\/\/haberbesiktas.tr\/index.php?rest_route=\/wp\/v2\/posts\/22871","targetHints":{"allow":["GET"]}}],"collection":[{"href":"https:\/\/haberbesiktas.tr\/index.php?rest_route=\/wp\/v2\/posts"}],"about":[{"href":"https:\/\/haberbesiktas.tr\/index.php?rest_route=\/wp\/v2\/types\/post"}],"author":[{"embeddable":true,"href":"https:\/\/haberbesiktas.tr\/index.php?rest_route=\/wp\/v2\/users\/1"}],"replies":[{"embeddable":true,"href":"https:\/\/haberbesiktas.tr\/index.php?rest_route=%2Fwp%2Fv2%2Fcomments&post=22871"}],"version-history":[{"count":1,"href":"https:\/\/haberbesiktas.tr\/index.php?rest_route=\/wp\/v2\/posts\/22871\/revisions"}],"predecessor-version":[{"id":22873,"href":"https:\/\/haberbesiktas.tr\/index.php?rest_route=\/wp\/v2\/posts\/22871\/revisions\/22873"}],"wp:featuredmedia":[{"embeddable":true,"href":"https:\/\/haberbesiktas.tr\/index.php?rest_route=\/wp\/v2\/media\/22872"}],"wp:attachment":[{"href":"https:\/\/haberbesiktas.tr\/index.php?rest_route=%2Fwp%2Fv2%2Fmedia&parent=22871"}],"wp:term":[{"taxonomy":"category","embeddable":true,"href":"https:\/\/haberbesiktas.tr\/index.php?rest_route=%2Fwp%2Fv2%2Fcategories&post=22871"},{"taxonomy":"post_tag","embeddable":true,"href":"https:\/\/haberbesiktas.tr\/index.php?rest_route=%2Fwp%2Fv2%2Ftags&post=22871"}],"curies":[{"name":"wp","href":"https:\/\/api.w.org\/{rel}","templated":true}]}}