{"id":22877,"date":"2025-04-23T16:00:07","date_gmt":"2025-04-23T16:00:07","guid":{"rendered":"https:\/\/haberbesiktas.tr\/?p=22877"},"modified":"2025-04-23T16:00:07","modified_gmt":"2025-04-23T16:00:07","slug":"mourinho-kadir-saglama-soyledigi-sozleri-acikladi","status":"publish","type":"post","link":"https:\/\/haberbesiktas.tr\/?p=22877","title":{"rendered":"Mourinho, Kadir Sa\u011flam&#8217;a s\u00f6yledi\u011fi s\u00f6zleri a\u00e7\u0131klad\u0131"},"content":{"rendered":"<div>Fenerbah\u00e7e Teknik Y\u00f6neticisi Jose Mourinho, ma\u00e7\u0131n akabinde hakem Slavko Vincic ve grubuyla ne konu\u015ftu\u011funu a\u00e7\u0131klad\u0131.<\/p>\n<p><strong>VINCIC \u0130LE NE KONU\u015eTU?<\/strong><\/p>\n<p>Vincic&#8217;i tebrik etti\u011fini a\u00e7\u0131klayan Mourinho, <strong>&#8220;Ma\u00e7tan bittikten sonra hakem odas\u0131na gittim. Slavko Vincic&#8217;e &#8216;Buraya gelip, bu b\u00fcy\u00fck ma\u00e7\u0131 y\u00f6netti\u011finiz i\u00e7in te\u015fekk\u00fcr ederim&#8217; dedim.&#8221;<\/strong> s\u00f6zlerini kulland\u0131.<\/p>\n<p><strong>&#8220;KAD\u0130R SA\u011eLAM&#8217;A S\u00d6YLED\u0130M&#8221;<\/strong><\/p>\n<p>Ma\u00e7\u0131n 4. hakemi Kadir Sa\u011flam ile de konu\u015ftu\u011funu s\u00f6yleyen Mourinho, <strong>&#8220;T\u00fcrk hakem de oradayd\u0131. Sonra ona d\u00f6n\u00fcp &#8216;E\u011fer bu ma\u00e7\u0131 T\u00fcrk bir hakem y\u00f6netseydi, bir felaket olurdu&#8217; dedim.&#8221;<\/strong> kelamlar\u0131n\u0131 sarf etti.<\/div>\n<p><\/p>\n","protected":false},"excerpt":{"rendered":"<p>Fenerbah\u00e7e Teknik Y\u00f6neticisi Jose Mourinho, ma\u00e7\u0131n akabinde hakem Slavko Vincic ve grubuyla ne konu\u015ftu\u011funu a\u00e7\u0131klad\u0131.<\/p>\n","protected":false},"author":1,"featured_media":22878,"comment_status":"open","ping_status":"open","sticky":false,"template":"","format":"standard","meta":{"footnotes":""},"categories":[25],"tags":[62],"class_list":["post-22877","post","type-post","status-publish","format-standard","has-post-thumbnail","hentry","category-futbol","tag-hakem"],"_links":{"self":[{"href":"https:\/\/haberbesiktas.tr\/index.php?rest_route=\/wp\/v2\/posts\/22877","targetHints":{"allow":["GET"]}}],"collection":[{"href":"https:\/\/haberbesiktas.tr\/index.php?rest_route=\/wp\/v2\/posts"}],"about":[{"href":"https:\/\/haberbesiktas.tr\/index.php?rest_route=\/wp\/v2\/types\/post"}],"author":[{"embeddable":true,"href":"https:\/\/haberbesiktas.tr\/index.php?rest_route=\/wp\/v2\/users\/1"}],"replies":[{"embeddable":true,"href":"https:\/\/haberbesiktas.tr\/index.php?rest_route=%2Fwp%2Fv2%2Fcomments&post=22877"}],"version-history":[{"count":1,"href":"https:\/\/haberbesiktas.tr\/index.php?rest_route=\/wp\/v2\/posts\/22877\/revisions"}],"predecessor-version":[{"id":22879,"href":"https:\/\/haberbesiktas.tr\/index.php?rest_route=\/wp\/v2\/posts\/22877\/revisions\/22879"}],"wp:featuredmedia":[{"embeddable":true,"href":"https:\/\/haberbesiktas.tr\/index.php?rest_route=\/wp\/v2\/media\/22878"}],"wp:attachment":[{"href":"https:\/\/haberbesiktas.tr\/index.php?rest_route=%2Fwp%2Fv2%2Fmedia&parent=22877"}],"wp:term":[{"taxonomy":"category","embeddable":true,"href":"https:\/\/haberbesiktas.tr\/index.php?rest_route=%2Fwp%2Fv2%2Fcategories&post=22877"},{"taxonomy":"post_tag","embeddable":true,"href":"https:\/\/haberbesiktas.tr\/index.php?rest_route=%2Fwp%2Fv2%2Ftags&post=22877"}],"curies":[{"name":"wp","href":"https:\/\/api.w.org\/{rel}","templated":true}]}}