{"id":22883,"date":"2025-04-23T16:24:07","date_gmt":"2025-04-23T16:24:07","guid":{"rendered":"https:\/\/haberbesiktas.tr\/?p=22883"},"modified":"2025-04-23T16:24:07","modified_gmt":"2025-04-23T16:24:07","slug":"volkan-demirel-acun-agabeyin-bu-kadar-konusmasina-gerek-yok","status":"publish","type":"post","link":"https:\/\/haberbesiktas.tr\/?p=22883","title":{"rendered":"Volkan Demirel: &#8220;Acun A\u011fabey&#8217;in bu kadar konu\u015fmas\u0131na gerek yok&#8221;"},"content":{"rendered":"<div>Fenerbah\u00e7e&#8217;nin eski kalecisi Volkan Demirel, gols\u00fcz sona eren derbi m\u00fcsabakas\u0131n\u0131n akabinde de\u011ferlendirmelerde bulundu.<\/p>\n<p>Volkan Demirel: &#8220;Slavko Vincic muazzam mac\u0327 yo\u0308netti. Bir tane el vard\u0131, korner bayrag\u0306\u0131 taraf\u0131nda, bir tek o vard\u0131. 10 numara mac\u0327 yo\u0308netti. Acun Ag\u0306abey&#8217;in bu kadar konus\u0327mas\u0131na gerek yoktu. Herkes go\u0308rdu\u0308 esasen.&#8221;<\/p>\n<p><strong>&#8220;YABANCI HAKEM OLMALI&#8221;<\/strong><\/p>\n<p>&#8220;Yabanc\u0131 hakemin bu ligde olmas\u0131 laz\u0131m, yaln\u0131zca Galatasaray &#8211; Fenerbahc\u0327e mac\u0327\u0131nda deg\u0306il. Bodrumspor mac\u0327\u0131nda da olmal\u0131, benim Bes\u0327iktas\u0327 mac\u0327\u0131nda 3, bas\u0327ka mac\u0327ta 2 penalt\u0131m verilmedi. Hakemlerimiz de aynada kendine bakmal\u0131, kendilerine c\u0327ekidu\u0308zen vermeli. Ben de isterim mac\u0327\u0131m\u0131 yabanc\u0131 hakem yo\u0308netsin, Trabzonspor da ister. Ni\u00e7in? Dog\u0306ru yo\u0308netildi mac\u0327. Hepimiz Tu\u0308rk hakemler yo\u0308netsin isteriz lakin Tu\u0308rk hakemler kendine bakmal\u0131.&#8221; dedi.<\/p><\/div>\n<p><\/p>\n","protected":false},"excerpt":{"rendered":"<p>Fenerbah\u00e7e&#8217;nin eski futbolcusu Volkan Demirel, 0-0 biten derbi ma\u00e7\u0131n\u0131n akabinde de\u011ferlendirmelerde bulundu.<\/p>\n","protected":false},"author":1,"featured_media":22884,"comment_status":"open","ping_status":"open","sticky":false,"template":"","format":"standard","meta":{"footnotes":""},"categories":[25],"tags":[62],"class_list":["post-22883","post","type-post","status-publish","format-standard","has-post-thumbnail","hentry","category-futbol","tag-hakem"],"_links":{"self":[{"href":"https:\/\/haberbesiktas.tr\/index.php?rest_route=\/wp\/v2\/posts\/22883","targetHints":{"allow":["GET"]}}],"collection":[{"href":"https:\/\/haberbesiktas.tr\/index.php?rest_route=\/wp\/v2\/posts"}],"about":[{"href":"https:\/\/haberbesiktas.tr\/index.php?rest_route=\/wp\/v2\/types\/post"}],"author":[{"embeddable":true,"href":"https:\/\/haberbesiktas.tr\/index.php?rest_route=\/wp\/v2\/users\/1"}],"replies":[{"embeddable":true,"href":"https:\/\/haberbesiktas.tr\/index.php?rest_route=%2Fwp%2Fv2%2Fcomments&post=22883"}],"version-history":[{"count":1,"href":"https:\/\/haberbesiktas.tr\/index.php?rest_route=\/wp\/v2\/posts\/22883\/revisions"}],"predecessor-version":[{"id":22885,"href":"https:\/\/haberbesiktas.tr\/index.php?rest_route=\/wp\/v2\/posts\/22883\/revisions\/22885"}],"wp:featuredmedia":[{"embeddable":true,"href":"https:\/\/haberbesiktas.tr\/index.php?rest_route=\/wp\/v2\/media\/22884"}],"wp:attachment":[{"href":"https:\/\/haberbesiktas.tr\/index.php?rest_route=%2Fwp%2Fv2%2Fmedia&parent=22883"}],"wp:term":[{"taxonomy":"category","embeddable":true,"href":"https:\/\/haberbesiktas.tr\/index.php?rest_route=%2Fwp%2Fv2%2Fcategories&post=22883"},{"taxonomy":"post_tag","embeddable":true,"href":"https:\/\/haberbesiktas.tr\/index.php?rest_route=%2Fwp%2Fv2%2Ftags&post=22883"}],"curies":[{"name":"wp","href":"https:\/\/api.w.org\/{rel}","templated":true}]}}